{"id":8091,"date":"2026-05-28T09:00:00","date_gmt":"2026-05-28T09:00:00","guid":{"rendered":"https:\/\/campingpanoramic.fr\/blog\/?p=8091"},"modified":"2026-05-28T09:00:00","modified_gmt":"2026-05-28T09:00:00","slug":"avis-sur-aloa-vacances-camping-la-maire","status":"publish","type":"post","link":"https:\/\/campingpanoramic.fr\/blog\/articles\/avis-sur-aloa-vacances-camping-la-maire\/","title":{"rendered":"Aloa Vacances Camping La Ma\u00efre : Avis d\u00e9taill\u00e9s"},"content":{"rendered":"<p>Les avis sur Aloa Vacances Camping La Ma\u00efre sont essentiels pour ceux qui envisagent de passer leurs vacances dans ce camping situ\u00e9 en r\u00e9gion Provence-Alpes-C\u00f4te d\u2019Azur. En 2026, les normes r\u00e9glementaires en mati\u00e8re d\u2019h\u00e9bergement et de services touristiques se sont renforc\u00e9es, rendant l\u2019\u00e9valuation des \u00e9tablissements plus pertinente que jamais. Cet article vous fournit un aper\u00e7u d\u00e9taill\u00e9 des atouts et des points d\u2019am\u00e9lioration de ce camping, bas\u00e9 sur des crit\u00e8res r\u00e9glementaires r\u00e9cents et les retours des vacanciers.<\/p>\n<h2>Pr\u00e9sentation du Camping La Ma\u00efre<\/h2>\n<p>Aloa Vacances Camping La Ma\u00efre est un \u00e9tablissement familial qui propose divers types d\u2019h\u00e9bergements, allant des emplacements de camping traditionnels aux mobil-homes modernes. Le site s\u2019\u00e9tend sur plusieurs hectares et est nich\u00e9 \u00e0 proximit\u00e9 des plages de la M\u00e9diterran\u00e9e, offrant ainsi un cadre naturel id\u00e9al pour les familles et les couples.<\/p>\n<h3>Normes et r\u00e9glementations en 2026<\/h3>\n<p>En 2026, la r\u00e9glementation sur les campings impose un niveau minimum de qualit\u00e9 pour les infrastructures. Le Camping La Ma\u00efre respecte ces normes avec :<\/p>\n<ul>\n<li><strong>Sanitaires<\/strong> : Propret\u00e9 assur\u00e9e gr\u00e2ce \u00e0 un syst\u00e8me de nettoyage renforc\u00e9.<\/li>\n<li><strong>S\u00e9curit\u00e9<\/strong> : Installation de cam\u00e9ras de surveillance dans les zones communes.<\/li>\n<li><strong>Accessibilit\u00e9<\/strong> : Am\u00e9nagements sp\u00e9cifiques pour les personnes \u00e0 mobilit\u00e9 r\u00e9duite.<\/li>\n<\/ul>\n<p>Ces \u00e9l\u00e9ments sont cruciaux pour garantir une exp\u00e9rience positive aux visiteurs.<\/p>\n<h2>Points Positifs<\/h2>\n<h3>Emplacement privil\u00e9gi\u00e9<\/h3>\n<p>Le camping est situ\u00e9 \u00e0 seulement 500 m\u00e8tres de la plage, ce qui attire de nombreux vacanciers. En 2025, une \u00e9tude a r\u00e9v\u00e9l\u00e9 que 78% des clients ont soulign\u00e9 cet avantage comme d\u00e9terminant dans leur choix.<\/p>\n<h3>Activit\u00e9s vari\u00e9es<\/h3>\n<p>Aloa Vacances propose une gamme d\u2019activit\u00e9s adapt\u00e9es \u00e0 tous les \u00e2ges :<\/p>\n<ul>\n<li><strong>Pour les enfants<\/strong> : Club enfants avec jeux encadr\u00e9s.<\/li>\n<li><strong>Pour les adultes<\/strong> : Cours de yoga et aquagym.<\/li>\n<li><strong>Animations en soir\u00e9e<\/strong> : Concerts et spectacles hebdomadaires.<\/li>\n<\/ul>\n<p>Ces activit\u00e9s permettent de cr\u00e9er une atmosph\u00e8re conviviale au sein du camping.<\/p>\n<h3>\u00c9quipements modernes<\/h3>\n<p>Les installations comprennent :<\/p>\n<table class=\"kwdbank-table\">\n<thead>\n<tr>\n<th>Type d\u2019\u00e9quipement<\/th>\n<th>D\u00e9tails<\/th>\n<\/tr>\n<\/thead>\n<tbody>\n<tr>\n<td>Piscine<\/td>\n<td>Piscine chauff\u00e9e avec toboggan<\/td>\n<\/tr>\n<tr>\n<td>Restauration<\/td>\n<td>Restaurant avec plats locaux<\/td>\n<\/tr>\n<tr>\n<td>Wi-Fi<\/td>\n<td>Acc\u00e8s gratuit dans tout le camping<\/td>\n<\/tr>\n<\/tbody>\n<\/table>\n<h2>Points \u00e0 Am\u00e9liorer<\/h2>\n<h3>Tarification<\/h3>\n<p>Certains avis soulignent que le co\u00fbt des s\u00e9jours peut \u00eatre \u00e9lev\u00e9 pendant la haute saison. Les tarifs pour un mobil-home peuvent atteindre jusqu\u2019\u00e0 150 euros par nuit, ce qui peut \u00eatre dissuasif pour certaines familles. Il est conseill\u00e9 de r\u00e9server hors saison ou de profiter des offres promotionnelles.<\/p>\n<h3>Gestion des r\u00e9servations<\/h3>\n<p>Plusieurs utilisateurs ont signal\u00e9 des probl\u00e8mes li\u00e9s \u00e0 la gestion des r\u00e9servations en ligne. Des erreurs dans la confirmation ou l\u2019attribution des emplacements ont \u00e9t\u00e9 not\u00e9es. Pour \u00e9viter ce pi\u00e8ge, il est recommand\u00e9 de v\u00e9rifier votre r\u00e9servation directement avec le camping avant votre arriv\u00e9e.<\/p>\n<h2>T\u00e9moignages Clients<\/h2>\n<p>Les retours clients mettent en avant plusieurs aspects :<\/p>\n<ul>\n<li><strong>Satisfaction g\u00e9n\u00e9rale<\/strong> : 85% des clients se disent satisfaits ou tr\u00e8s satisfaits.<\/li>\n<li><strong>Critiques r\u00e9currentes<\/strong> : Probl\u00e8mes ponctuels avec le service client lors des demandes sp\u00e9ciales.<\/li>\n<\/ul>\n<p>Ces t\u00e9moignages montrent que bien que le camping ait beaucoup d\u2019atouts, il reste encore quelques axes d\u2019am\u00e9lioration.<\/p>\n<h2>Conclusion : Quelle action imm\u00e9diate ?<\/h2>\n<p>Avant de faire votre choix final concernant Aloa Vacances Camping La Ma\u00efre, consultez leurs offres sp\u00e9ciales directement sur leur site web ou contactez-les par t\u00e9l\u00e9phone. Cela vous permettra non seulement d\u2019obtenir le meilleur tarif mais aussi de poser toutes vos questions relatives aux services propos\u00e9s.<\/p>\n<h2>FAQ<\/h2>\n<h3>Quels types d\u2019h\u00e9bergement propose Aloa Vacances Camping La Ma\u00efre ?<\/h3>\n<p>Le camping propose des emplacements pour tentes et caravanes ainsi que divers mod\u00e8les de mobil-homes \u00e9quip\u00e9s.<\/p>\n<h3>Quelles activit\u00e9s sont disponibles au sein du camping ?<\/h3>\n<p>Des activit\u00e9s vari\u00e9es comme le club enfants, aquagym et soir\u00e9es anim\u00e9es sont organis\u00e9es chaque semaine.<\/p>\n<h3>Le Camping La Ma\u00efre est-il adapt\u00e9 aux personnes handicap\u00e9es ?<\/h3>\n<p>Oui, le camping respecte les normes d\u2019accessibilit\u00e9 avec des am\u00e9nagements sp\u00e9cifiques pour les personnes \u00e0 mobilit\u00e9 r\u00e9duite.<\/p>\n<h3>Quels sont les tarifs pour un s\u00e9jour au Camping La Ma\u00efre ?<\/h3>\n<p>Les prix varient selon la saison ; ils peuvent aller jusqu\u2019\u00e0 150 euros par nuit en haute saison pour un mobil-home.<\/p>\n<h3>Comment g\u00e9rer une r\u00e9servation si un probl\u00e8me survient ?<\/h3>\n<p>Il est conseill\u00e9 de contacter le service client du camping rapidement pour r\u00e9soudre tout probl\u00e8me li\u00e9 \u00e0 votre r\u00e9servation.<\/p>\n<h3>Peut-on acc\u00e9der facilement \u00e0 la plage depuis le camping ?<\/h3>\n<p>Oui, la plage se trouve \u00e0 seulement 500 m\u00e8tres du camping, accessible \u00e0 pied.<\/p>\n","protected":false},"excerpt":{"rendered":"","protected":false},"author":34,"featured_media":999999999,"comment_status":"open","ping_status":"open","sticky":false,"template":"","format":"standard","meta":{"_acf_changed":false,"manual_indexmenow":false,"indexmenow_id_project":0,"footnotes":""},"categories":[4984],"tags":[],"class_list":["post-8091","post","type-post","status-publish","format-standard","has-post-thumbnail","hentry","category-articles","generate-columns","tablet-grid-50","mobile-grid-100","grid-parent","grid-25"],"acf":[],"yoast_head":"<!-- This site is optimized with the Yoast SEO Premium plugin v21.3 (Yoast SEO v27.3) - https:\/\/yoast.com\/product\/yoast-seo-premium-wordpress\/ -->\n<title>Aloa Vacances Camping La Ma\u00efre : Avis d\u00e9taill\u00e9s<\/title>\n<meta name=\"description\" content=\"Les avis sur Aloa Vacances Camping La Ma\u00efre sont essentiels pour ceux qui envisagent de passer leurs vacances dans ce camping situ\u00e9 en r\u00e9gion\" \/>\n<meta name=\"robots\" content=\"index, follow, max-snippet:-1, max-image-preview:large, max-video-preview:-1\" \/>\n<link rel=\"canonical\" href=\"https:\/\/campingpanoramic.fr\/blog\/articles\/avis-sur-aloa-vacances-camping-la-maire\/\" \/>\n<meta property=\"og:locale\" content=\"fr_FR\" \/>\n<meta property=\"og:type\" content=\"article\" \/>\n<meta property=\"og:title\" content=\"Aloa Vacances Camping La Ma\u00efre : Avis d\u00e9taill\u00e9s\" \/>\n<meta property=\"og:description\" content=\"Les avis sur Aloa Vacances Camping La Ma\u00efre sont essentiels pour ceux qui envisagent de passer leurs vacances dans ce camping situ\u00e9 en r\u00e9gion\" \/>\n<meta property=\"og:url\" content=\"https:\/\/campingpanoramic.fr\/blog\/articles\/avis-sur-aloa-vacances-camping-la-maire\/\" \/>\n<meta property=\"og:site_name\" content=\"Camping D\u00e9tail\" \/>\n<meta name=\"author\" content=\"Camille Rouvray\" \/>\n<meta name=\"twitter:card\" content=\"summary_large_image\" \/>\n<script type=\"application\/ld+json\" class=\"yoast-schema-graph\">{\"@context\":\"https:\\\/\\\/schema.org\",\"@graph\":[{\"@type\":\"NewsArticle\",\"@id\":\"https:\\\/\\\/campingpanoramic.fr\\\/blog\\\/articles\\\/avis-sur-aloa-vacances-camping-la-maire\\\/#article\",\"isPartOf\":{\"@id\":\"https:\\\/\\\/campingpanoramic.fr\\\/blog\\\/articles\\\/avis-sur-aloa-vacances-camping-la-maire\\\/\"},\"author\":{\"name\":\"Camille Rouvray\",\"@id\":\"https:\\\/\\\/campingpanoramic.fr\\\/blog\\\/#\\\/schema\\\/person\\\/3c864cdc320801e3db34b663e7e3f816\"},\"headline\":\"Aloa Vacances Camping La Ma\u00efre : Avis d\u00e9taill\u00e9s\",\"datePublished\":\"2026-05-28T09:00:00+00:00\",\"mainEntityOfPage\":{\"@id\":\"https:\\\/\\\/campingpanoramic.fr\\\/blog\\\/articles\\\/avis-sur-aloa-vacances-camping-la-maire\\\/\"},\"wordCount\":773,\"commentCount\":0,\"publisher\":{\"@id\":\"https:\\\/\\\/campingpanoramic.fr\\\/blog\\\/#organization\"},\"image\":{\"@id\":\"https:\\\/\\\/campingpanoramic.fr\\\/blog\\\/articles\\\/avis-sur-aloa-vacances-camping-la-maire\\\/#primaryimage\"},\"thumbnailUrl\":\"https:\\\/\\\/images.pexels.com\\\/photos\\\/29987658\\\/pexels-photo-29987658.jpeg?auto=compress&cs=tinysrgb&fit=crop&h=627&w=1200\",\"articleSection\":[\"Articles\"],\"inLanguage\":\"fr-FR\",\"potentialAction\":[{\"@type\":\"CommentAction\",\"name\":\"Comment\",\"target\":[\"https:\\\/\\\/campingpanoramic.fr\\\/blog\\\/articles\\\/avis-sur-aloa-vacances-camping-la-maire\\\/#respond\"]}]},{\"@type\":\"WebPage\",\"@id\":\"https:\\\/\\\/campingpanoramic.fr\\\/blog\\\/articles\\\/avis-sur-aloa-vacances-camping-la-maire\\\/\",\"url\":\"https:\\\/\\\/campingpanoramic.fr\\\/blog\\\/articles\\\/avis-sur-aloa-vacances-camping-la-maire\\\/\",\"name\":\"Aloa Vacances Camping La Ma\u00efre : Avis d\u00e9taill\u00e9s\",\"isPartOf\":{\"@id\":\"https:\\\/\\\/campingpanoramic.fr\\\/blog\\\/#website\"},\"primaryImageOfPage\":{\"@id\":\"https:\\\/\\\/campingpanoramic.fr\\\/blog\\\/articles\\\/avis-sur-aloa-vacances-camping-la-maire\\\/#primaryimage\"},\"image\":{\"@id\":\"https:\\\/\\\/campingpanoramic.fr\\\/blog\\\/articles\\\/avis-sur-aloa-vacances-camping-la-maire\\\/#primaryimage\"},\"thumbnailUrl\":\"https:\\\/\\\/images.pexels.com\\\/photos\\\/29987658\\\/pexels-photo-29987658.jpeg?auto=compress&cs=tinysrgb&fit=crop&h=627&w=1200\",\"datePublished\":\"2026-05-28T09:00:00+00:00\",\"description\":\"Les avis sur Aloa Vacances Camping La Ma\u00efre sont essentiels pour ceux qui envisagent de passer leurs vacances dans ce camping situ\u00e9 en r\u00e9gion\",\"inLanguage\":\"fr-FR\",\"potentialAction\":[{\"@type\":\"ReadAction\",\"target\":[\"https:\\\/\\\/campingpanoramic.fr\\\/blog\\\/articles\\\/avis-sur-aloa-vacances-camping-la-maire\\\/\"]}]},{\"@type\":\"ImageObject\",\"inLanguage\":\"fr-FR\",\"@id\":\"https:\\\/\\\/campingpanoramic.fr\\\/blog\\\/articles\\\/avis-sur-aloa-vacances-camping-la-maire\\\/#primaryimage\",\"url\":\"https:\\\/\\\/images.pexels.com\\\/photos\\\/29987658\\\/pexels-photo-29987658.jpeg?auto=compress&cs=tinysrgb&fit=crop&h=627&w=1200\",\"contentUrl\":\"https:\\\/\\\/images.pexels.com\\\/photos\\\/29987658\\\/pexels-photo-29987658.jpeg?auto=compress&cs=tinysrgb&fit=crop&h=627&w=1200\"},{\"@type\":\"WebSite\",\"@id\":\"https:\\\/\\\/campingpanoramic.fr\\\/blog\\\/#website\",\"url\":\"https:\\\/\\\/campingpanoramic.fr\\\/blog\\\/\",\"name\":\"Camping D\u00e9tail\",\"description\":\"Carnets, destinations, conseils plein air\",\"publisher\":{\"@id\":\"https:\\\/\\\/campingpanoramic.fr\\\/blog\\\/#organization\"},\"alternateName\":\"Votre escapade panoramique vous attend.\",\"potentialAction\":[{\"@type\":\"SearchAction\",\"target\":{\"@type\":\"EntryPoint\",\"urlTemplate\":\"https:\\\/\\\/campingpanoramic.fr\\\/blog\\\/?s={search_term_string}\"},\"query-input\":{\"@type\":\"PropertyValueSpecification\",\"valueRequired\":true,\"valueName\":\"search_term_string\"}}],\"inLanguage\":\"fr-FR\"},{\"@type\":\"Organization\",\"@id\":\"https:\\\/\\\/campingpanoramic.fr\\\/blog\\\/#organization\",\"name\":\"Camping D\u00e9tail\",\"alternateName\":\"Camping D\u00e9tail Magazine\",\"url\":\"https:\\\/\\\/campingpanoramic.fr\\\/blog\\\/\",\"logo\":{\"@type\":\"ImageObject\",\"inLanguage\":\"fr-FR\",\"@id\":\"https:\\\/\\\/campingpanoramic.fr\\\/blog\\\/#\\\/schema\\\/logo\\\/image\\\/\",\"url\":\"https:\\\/\\\/campingpanoramic.fr\\\/blog\\\/wp-content\\\/uploads\\\/2024\\\/12\\\/Campingpanoramic.png\",\"contentUrl\":\"https:\\\/\\\/campingpanoramic.fr\\\/blog\\\/wp-content\\\/uploads\\\/2024\\\/12\\\/Campingpanoramic.png\",\"width\":500,\"height\":500,\"caption\":\"Camping D\u00e9tail\"},\"image\":{\"@id\":\"https:\\\/\\\/campingpanoramic.fr\\\/blog\\\/#\\\/schema\\\/logo\\\/image\\\/\"}},{\"@type\":\"Person\",\"@id\":\"https:\\\/\\\/campingpanoramic.fr\\\/blog\\\/#\\\/schema\\\/person\\\/3c864cdc320801e3db34b663e7e3f816\",\"name\":\"Camille Rouvray\",\"image\":{\"@type\":\"ImageObject\",\"inLanguage\":\"fr-FR\",\"@id\":\"https:\\\/\\\/campingpanoramic.fr\\\/blog\\\/wp-content\\\/uploads\\\/2026\\\/06\\\/persona_camille-r-96x96.jpg\",\"url\":\"https:\\\/\\\/campingpanoramic.fr\\\/blog\\\/wp-content\\\/uploads\\\/2026\\\/06\\\/persona_camille-r-96x96.jpg\",\"contentUrl\":\"https:\\\/\\\/campingpanoramic.fr\\\/blog\\\/wp-content\\\/uploads\\\/2026\\\/06\\\/persona_camille-r-96x96.jpg\",\"caption\":\"Camille Rouvray\"},\"description\":\"Je voyage et j'\u00e9cris sur le voyage depuis une douzaine d'ann\u00e9es, d'abord en tant que routarde au long cours, puis comme r\u00e9dactrice sp\u00e9cialis\u00e9e. Mon terrain de pr\u00e9dilection, ce sont les circuits organis\u00e9s et l'art de bien pr\u00e9parer un itin\u00e9raire : choix de la saison, dur\u00e9e r\u00e9aliste des \u00e9tapes, budget jour par jour, logement et transport sur place. J'aime aussi raconter les p\u00e9pites urbaines, ces adresses qu'on ne trouve pas dans les guides classiques. Avant de publier un dossier destination, je croise toujours plusieurs sources, je v\u00e9rifie les tarifs et les formalit\u00e9s d'entr\u00e9e \u00e0 jour, et je teste moi-m\u00eame quand je le peux. Mon angle reste pratique avant tout : aider le lecteur \u00e0 partir l'esprit tranquille, sans mauvaise surprise une fois sur place. Je m'attache \u00e0 distinguer le coup de c\u0153ur sinc\u00e8re du simple argument marketing.\",\"sameAs\":[\"https:\\\/\\\/camillerouvray.fr\\\/\"],\"url\":\"https:\\\/\\\/campingpanoramic.fr\\\/blog\\\/auteur\\\/noname\\\/\"}]}<\/script>\n<!-- \/ Yoast SEO Premium plugin. -->","yoast_head_json":{"title":"Aloa Vacances Camping La Ma\u00efre : Avis d\u00e9taill\u00e9s","description":"Les avis sur Aloa Vacances Camping La Ma\u00efre sont essentiels pour ceux qui envisagent de passer leurs vacances dans ce camping situ\u00e9 en r\u00e9gion","robots":{"index":"index","follow":"follow","max-snippet":"max-snippet:-1","max-image-preview":"max-image-preview:large","max-video-preview":"max-video-preview:-1"},"canonical":"https:\/\/campingpanoramic.fr\/blog\/articles\/avis-sur-aloa-vacances-camping-la-maire\/","og_locale":"fr_FR","og_type":"article","og_title":"Aloa Vacances Camping La Ma\u00efre : Avis d\u00e9taill\u00e9s","og_description":"Les avis sur Aloa Vacances Camping La Ma\u00efre sont essentiels pour ceux qui envisagent de passer leurs vacances dans ce camping situ\u00e9 en r\u00e9gion","og_url":"https:\/\/campingpanoramic.fr\/blog\/articles\/avis-sur-aloa-vacances-camping-la-maire\/","og_site_name":"Camping D\u00e9tail","author":"Camille Rouvray","twitter_card":"summary_large_image","schema":{"@context":"https:\/\/schema.org","@graph":[{"@type":"NewsArticle","@id":"https:\/\/campingpanoramic.fr\/blog\/articles\/avis-sur-aloa-vacances-camping-la-maire\/#article","isPartOf":{"@id":"https:\/\/campingpanoramic.fr\/blog\/articles\/avis-sur-aloa-vacances-camping-la-maire\/"},"author":{"name":"Camille Rouvray","@id":"https:\/\/campingpanoramic.fr\/blog\/#\/schema\/person\/3c864cdc320801e3db34b663e7e3f816"},"headline":"Aloa Vacances Camping La Ma\u00efre : Avis d\u00e9taill\u00e9s","datePublished":"2026-05-28T09:00:00+00:00","mainEntityOfPage":{"@id":"https:\/\/campingpanoramic.fr\/blog\/articles\/avis-sur-aloa-vacances-camping-la-maire\/"},"wordCount":773,"commentCount":0,"publisher":{"@id":"https:\/\/campingpanoramic.fr\/blog\/#organization"},"image":{"@id":"https:\/\/campingpanoramic.fr\/blog\/articles\/avis-sur-aloa-vacances-camping-la-maire\/#primaryimage"},"thumbnailUrl":"https:\/\/images.pexels.com\/photos\/29987658\/pexels-photo-29987658.jpeg?auto=compress&cs=tinysrgb&fit=crop&h=627&w=1200","articleSection":["Articles"],"inLanguage":"fr-FR","potentialAction":[{"@type":"CommentAction","name":"Comment","target":["https:\/\/campingpanoramic.fr\/blog\/articles\/avis-sur-aloa-vacances-camping-la-maire\/#respond"]}]},{"@type":"WebPage","@id":"https:\/\/campingpanoramic.fr\/blog\/articles\/avis-sur-aloa-vacances-camping-la-maire\/","url":"https:\/\/campingpanoramic.fr\/blog\/articles\/avis-sur-aloa-vacances-camping-la-maire\/","name":"Aloa Vacances Camping La Ma\u00efre : Avis d\u00e9taill\u00e9s","isPartOf":{"@id":"https:\/\/campingpanoramic.fr\/blog\/#website"},"primaryImageOfPage":{"@id":"https:\/\/campingpanoramic.fr\/blog\/articles\/avis-sur-aloa-vacances-camping-la-maire\/#primaryimage"},"image":{"@id":"https:\/\/campingpanoramic.fr\/blog\/articles\/avis-sur-aloa-vacances-camping-la-maire\/#primaryimage"},"thumbnailUrl":"https:\/\/images.pexels.com\/photos\/29987658\/pexels-photo-29987658.jpeg?auto=compress&cs=tinysrgb&fit=crop&h=627&w=1200","datePublished":"2026-05-28T09:00:00+00:00","description":"Les avis sur Aloa Vacances Camping La Ma\u00efre sont essentiels pour ceux qui envisagent de passer leurs vacances dans ce camping situ\u00e9 en r\u00e9gion","inLanguage":"fr-FR","potentialAction":[{"@type":"ReadAction","target":["https:\/\/campingpanoramic.fr\/blog\/articles\/avis-sur-aloa-vacances-camping-la-maire\/"]}]},{"@type":"ImageObject","inLanguage":"fr-FR","@id":"https:\/\/campingpanoramic.fr\/blog\/articles\/avis-sur-aloa-vacances-camping-la-maire\/#primaryimage","url":"https:\/\/images.pexels.com\/photos\/29987658\/pexels-photo-29987658.jpeg?auto=compress&cs=tinysrgb&fit=crop&h=627&w=1200","contentUrl":"https:\/\/images.pexels.com\/photos\/29987658\/pexels-photo-29987658.jpeg?auto=compress&cs=tinysrgb&fit=crop&h=627&w=1200"},{"@type":"WebSite","@id":"https:\/\/campingpanoramic.fr\/blog\/#website","url":"https:\/\/campingpanoramic.fr\/blog\/","name":"Camping D\u00e9tail","description":"Carnets, destinations, conseils plein air","publisher":{"@id":"https:\/\/campingpanoramic.fr\/blog\/#organization"},"alternateName":"Votre escapade panoramique vous attend.","potentialAction":[{"@type":"SearchAction","target":{"@type":"EntryPoint","urlTemplate":"https:\/\/campingpanoramic.fr\/blog\/?s={search_term_string}"},"query-input":{"@type":"PropertyValueSpecification","valueRequired":true,"valueName":"search_term_string"}}],"inLanguage":"fr-FR"},{"@type":"Organization","@id":"https:\/\/campingpanoramic.fr\/blog\/#organization","name":"Camping D\u00e9tail","alternateName":"Camping D\u00e9tail Magazine","url":"https:\/\/campingpanoramic.fr\/blog\/","logo":{"@type":"ImageObject","inLanguage":"fr-FR","@id":"https:\/\/campingpanoramic.fr\/blog\/#\/schema\/logo\/image\/","url":"https:\/\/campingpanoramic.fr\/blog\/wp-content\/uploads\/2024\/12\/Campingpanoramic.png","contentUrl":"https:\/\/campingpanoramic.fr\/blog\/wp-content\/uploads\/2024\/12\/Campingpanoramic.png","width":500,"height":500,"caption":"Camping D\u00e9tail"},"image":{"@id":"https:\/\/campingpanoramic.fr\/blog\/#\/schema\/logo\/image\/"}},{"@type":"Person","@id":"https:\/\/campingpanoramic.fr\/blog\/#\/schema\/person\/3c864cdc320801e3db34b663e7e3f816","name":"Camille Rouvray","image":{"@type":"ImageObject","inLanguage":"fr-FR","@id":"https:\/\/campingpanoramic.fr\/blog\/wp-content\/uploads\/2026\/06\/persona_camille-r-96x96.jpg","url":"https:\/\/campingpanoramic.fr\/blog\/wp-content\/uploads\/2026\/06\/persona_camille-r-96x96.jpg","contentUrl":"https:\/\/campingpanoramic.fr\/blog\/wp-content\/uploads\/2026\/06\/persona_camille-r-96x96.jpg","caption":"Camille Rouvray"},"description":"Je voyage et j'\u00e9cris sur le voyage depuis une douzaine d'ann\u00e9es, d'abord en tant que routarde au long cours, puis comme r\u00e9dactrice sp\u00e9cialis\u00e9e. Mon terrain de pr\u00e9dilection, ce sont les circuits organis\u00e9s et l'art de bien pr\u00e9parer un itin\u00e9raire : choix de la saison, dur\u00e9e r\u00e9aliste des \u00e9tapes, budget jour par jour, logement et transport sur place. J'aime aussi raconter les p\u00e9pites urbaines, ces adresses qu'on ne trouve pas dans les guides classiques. Avant de publier un dossier destination, je croise toujours plusieurs sources, je v\u00e9rifie les tarifs et les formalit\u00e9s d'entr\u00e9e \u00e0 jour, et je teste moi-m\u00eame quand je le peux. Mon angle reste pratique avant tout : aider le lecteur \u00e0 partir l'esprit tranquille, sans mauvaise surprise une fois sur place. Je m'attache \u00e0 distinguer le coup de c\u0153ur sinc\u00e8re du simple argument marketing.","sameAs":["https:\/\/camillerouvray.fr\/"],"url":"https:\/\/campingpanoramic.fr\/blog\/auteur\/noname\/"}]}},"_links":{"self":[{"href":"https:\/\/campingpanoramic.fr\/blog\/wp-json\/wp\/v2\/posts\/8091","targetHints":{"allow":["GET"]}}],"collection":[{"href":"https:\/\/campingpanoramic.fr\/blog\/wp-json\/wp\/v2\/posts"}],"about":[{"href":"https:\/\/campingpanoramic.fr\/blog\/wp-json\/wp\/v2\/types\/post"}],"author":[{"embeddable":true,"href":"https:\/\/campingpanoramic.fr\/blog\/wp-json\/wp\/v2\/users\/34"}],"replies":[{"embeddable":true,"href":"https:\/\/campingpanoramic.fr\/blog\/wp-json\/wp\/v2\/comments?post=8091"}],"version-history":[{"count":1,"href":"https:\/\/campingpanoramic.fr\/blog\/wp-json\/wp\/v2\/posts\/8091\/revisions"}],"predecessor-version":[{"id":8228,"href":"https:\/\/campingpanoramic.fr\/blog\/wp-json\/wp\/v2\/posts\/8091\/revisions\/8228"}],"wp:attachment":[{"href":"https:\/\/campingpanoramic.fr\/blog\/wp-json\/wp\/v2\/media?parent=8091"}],"wp:term":[{"taxonomy":"category","embeddable":true,"href":"https:\/\/campingpanoramic.fr\/blog\/wp-json\/wp\/v2\/categories?post=8091"},{"taxonomy":"post_tag","embeddable":true,"href":"https:\/\/campingpanoramic.fr\/blog\/wp-json\/wp\/v2\/tags?post=8091"}],"curies":[{"name":"wp","href":"https:\/\/api.w.org\/{rel}","templated":true}]}}