{"id":7878,"date":"2025-10-26T21:33:01","date_gmt":"2025-10-26T20:33:01","guid":{"rendered":"https:\/\/campingpanoramic.fr\/blog\/?p=7878"},"modified":"2025-09-21T22:05:33","modified_gmt":"2025-09-21T20:05:33","slug":"ou-sejourner-dans-la-region-dales-hebergements-de-charme-et-convivialite","status":"publish","type":"post","link":"https:\/\/campingpanoramic.fr\/blog\/a-la-une\/ou-sejourner-dans-la-region-dales-hebergements-de-charme-et-convivialite\/","title":{"rendered":"O\u00f9 s\u00e9journer dans la r\u00e9gion d\u2019Al\u00e8s : h\u00e9bergements de charme et convivialit\u00e9"},"content":{"rendered":"<p>Privil\u00e9gier une <u>chambre d\u2019h\u00f4tes<\/u> dans cette r\u00e9gion c\u00e9venole vous assure une exp\u00e9rience personnalis\u00e9e, un accueil chaleureux et un cadre naturel pr\u00e9serv\u00e9. Nous vous proposons ici tous nos <strong>conseils<\/strong> pour choisir la <strong>maison d\u2019h\u00f4tes id\u00e9ale<\/strong>, les <strong>crit\u00e8res cl\u00e9s \u00e0 comparer<\/strong> et une s\u00e9lection d\u2019adresses incontournables, dont le <a href=\"https:\/\/www.maslauralie.fr\/\" target=\"_blank\" rel=\"noopener\">hotel spa ales<\/a>, r\u00e9f\u00e9rence de l\u2019h\u00e9bergement d\u2019exception autour d\u2019Al\u00e8s.<\/p>\n<h2>Pourquoi choisir une maison d\u2019h\u00f4tes pour explorer Al\u00e8s et ses environs\u00a0?<\/h2>\n<p>Opter pour une <strong>maison d\u2019h\u00f4tes \u00e0 Al\u00e8s<\/strong>, c\u2019est pr\u00e9f\u00e9rer une <u>exp\u00e9rience humaine et authentique<\/u> lors de votre s\u00e9jour en C\u00e9vennes. Contrairement aux h\u00f4tels standardis\u00e9s, vous b\u00e9n\u00e9ficiez :<\/p>\n<ul>\n<li><strong>Accueil personnalis\u00e9<\/strong> par les propri\u00e9taires, v\u00e9ritables ambassadeurs du terroir.<\/li>\n<li>Ambiance <strong>conviviale et chaleureuse<\/strong>, favorisant les \u00e9changes et les conseils sur les activit\u00e9s \u00e0 proximit\u00e9.<\/li>\n<li><u>Rencontres<\/u> avec des voyageurs partageant votre go\u00fbt pour la d\u00e9couverte locale.<\/li>\n<li>Rapport qualit\u00e9-prix souvent <strong>sup\u00e9rieur<\/strong> gr\u00e2ce \u00e0 des prestations sur mesure (petits-d\u00e9jeuners maison, espaces priv\u00e9s, jardins).<\/li>\n<li>Acc\u00e8s \u00e0 des <strong>conseils exclusifs<\/strong> sur les march\u00e9s, randonn\u00e9es, sites naturels et \u00e9v\u00e9nements culturels <strong>d\u2019Al\u00e8s<\/strong> et des C\u00e9vennes.<\/li>\n<\/ul>\n<p>S\u00e9journer chez l\u2019habitant en <strong>chambre d\u2019h\u00f4tes \u00e0 Al\u00e8s<\/strong>, c\u2019est aussi <u>s\u2019immerger dans la vie c\u00e9venole<\/u> et profiter d\u2019un service attentif, bien loin de l\u2019anonymat h\u00f4telier. Pour ceux qui recherchent le confort, la tranquillit\u00e9 ou des \u00e9quipements haut de gamme, des adresses telles que le <a href=\"https:\/\/www.maslauralie.fr\/\" target=\"_blank\" rel=\"noopener\">hotel spa ales<\/a> illustrent parfaitement ce niveau d\u2019excellence.<\/p>\n<h2>S\u00e9lection de lieux de charme\u00a0: adresses pl\u00e9biscit\u00e9es par les voyageurs<\/h2>\n<p>La r\u00e9gion d\u2019Al\u00e8s compte une grande diversit\u00e9 de <strong>chambres d\u2019h\u00f4tes de caract\u00e8re<\/strong>, du mas traditionnel \u00e0 la bastide contemporaine, souvent dot\u00e9es de <u>prestations exclusives<\/u> telles que piscine, jardins privatifs, jacuzzi et espace bien-\u00eatre. Parmi les plus appr\u00e9ci\u00e9es, le <strong>Mas Lauralie<\/strong> (28 chemin des Tourettes, 30340 M\u00e9jannes les Al\u00e8s, +33 6 65 47 21 92, mas.lauralie@gmail.com) se distingue par sa capacit\u00e9 \u00e0 offrir des <strong>exp\u00e9riences uniques<\/strong>, des suites haut de gamme et un service enti\u00e8rement d\u00e9di\u00e9 au confort du visiteur.<\/p>\n<ul>\n<li><strong>Suite ELSIA<\/strong> : 70 m\u00b2 de charme avec pierres apparentes, lit king size, SPA XXL cinq places, douche italienne double, jeux de miroirs et lumi\u00e8res, TV LED, canap\u00e9, entr\u00e9e ind\u00e9pendante.<\/li>\n<li><strong>Suite CASSANHA<\/strong> : Cabane bois &amp; nature, lit king size, SPA trois places, douche italienne, hamac, lumi\u00e8res et miroirs, TV LED, entr\u00e9e ind\u00e9pendante.<\/li>\n<li><strong>Suite MEDIANA<\/strong> : 55 m\u00b2 m\u00e9lange bois\/pierre, lit king size, SPA trois places, douche italienne XXL (1,50 m x 2,00 m), poutres apparentes, miroirs et lumi\u00e8res, TV LED.<\/li>\n<li><strong>Suite ADONIS<\/strong> : 65 m\u00b2 sous vo\u00fbte, SPA trois places ext\u00e9rieur sous pierres, baignoire baln\u00e9o int\u00e9rieure, jeux de miroirs et lumi\u00e8res, canap\u00e9, TV LED, entr\u00e9e ind\u00e9pendante.<\/li>\n<li><strong>Suite ARENAS<\/strong> : 60 m\u00b2 esprit Bois &amp; Acier, deux lits king size (jusqu\u2019\u00e0 4 personnes), SPA baln\u00e9o XXL, douche italienne, jeux de miroirs, terrasse privative, entr\u00e9e ind\u00e9pendante.<\/li>\n<\/ul>\n<p>L\u2019exigence du <strong>Mas Lauralie<\/strong> se retrouve \u00e9galement dans la qualit\u00e9 de ses avis clients\u00a0: attention au d\u00e9tail, atmosph\u00e8re intime, <u>disponibilit\u00e9 des h\u00f4tes<\/u> et prestations luxueuses font l\u2019unanimit\u00e9. Cet \u00e9tablissement concentre les crit\u00e8res prioritaires pour qui recherche une <strong>chambre d\u2019h\u00f4tes populaire \u00e0 Al\u00e8s<\/strong> ou un s\u00e9jour exclusif associant d\u00e9tente et immersion locale.<\/p>\n<h2>\u00c0 quoi s\u2019attendre en s\u00e9journant dans la r\u00e9gion d\u2019Al\u00e8s\u00a0?<\/h2>\n<p>S\u2019installer dans une <u>chambre d\u2019h\u00f4tes pr\u00e8s d\u2019Al\u00e8s<\/u>, c\u2019est vivre au contact des grands paysages c\u00e9venols\u00a0: nids de nature paisibles, vall\u00e9es verdoyantes, garrigue parfum\u00e9e et villages typiques. Le territoire conjugue <strong>tranquillit\u00e9<\/strong> et <u>acc\u00e8s rapide<\/u> aux principaux centres d\u2019int\u00e9r\u00eat, entre tradition rurale et vie urbaine.<\/p>\n<ul>\n<li>Patrimoine culturel riche (mus\u00e9es, monuments historiques, march\u00e9s locaux).<\/li>\n<li>Nombreuses <strong>balades<\/strong> et circuits de <strong>randonn\u00e9e dans les C\u00e9vennes<\/strong>, class\u00e9es au patrimoine mondial UNESCO.<\/li>\n<li>Activit\u00e9s de plein air : baignades en rivi\u00e8re, VTT, escalade ou \u00e9quitation.<\/li>\n<li>Grands \u00e9v\u00e9nements culturels et festifs tout au long de l\u2019ann\u00e9e (f\u00eate du rail, festivals, march\u00e9s nocturnes).<\/li>\n<li>Proximit\u00e9 des villages typiques\u00a0: Anduze, Saint-Jean-du-Gard, Uz\u00e8s.<\/li>\n<\/ul>\n<p>Le secteur combine l\u2019<strong>esprit nature<\/strong> et la <strong>facilit\u00e9 d\u2019acc\u00e8s<\/strong> aux infrastructures principales, garantissant ainsi un s\u00e9jour sans contraintes, o\u00f9 chaque d\u00e9placement peut donner lieu \u00e0 une nouvelle d\u00e9couverte.<\/p>\n<h2>Zoom sur les prestations et services propos\u00e9s<\/h2>\n<p>Les <strong>chambres d\u2019h\u00f4tes autour d\u2019Al\u00e8s<\/strong> se distinguent par leurs <u>espaces privatifs<\/u> et prestations haut de gamme. Au <strong>Mas Lauralie<\/strong>, chaque suite comprend des \u00e9quipements exclusifs pour une exp\u00e9rience sur-mesure :<\/p>\n<ul>\n<li><strong>SPA privatif et grande baignoire baln\u00e9o<\/strong> dans chaque suite, capacit\u00e9 jusqu\u2019\u00e0 5 personnes selon l\u2019h\u00e9bergement.<\/li>\n<li><u>Douche \u00e0 l\u2019italienne XXL<\/u> pour des moments de d\u00e9tente in\u00e9gal\u00e9s.<\/li>\n<li><strong>Petit-d\u00e9jeuner copieux<\/strong>, mettant \u00e0 l\u2019honneur produits locaux et sp\u00e9cialit\u00e9s c\u00e9venoles.<\/li>\n<li><span style=\"font-weight: bold;\">Terrasses et jardins priv\u00e9s<\/span> pour profiter du climat m\u00e9ridional.<\/li>\n<li><strong>Jeux de lumi\u00e8res et miroirs<\/strong>, ambiance personnalis\u00e9e selon le type de s\u00e9jour.<\/li>\n<li>Acc\u00e8s wifi haut d\u00e9bit, parking s\u00e9curis\u00e9, TV LED, espace famille.<\/li>\n<li>Accueil <strong>personnalis\u00e9<\/strong>, conseils touristiques et possibilit\u00e9 de <u>table d\u2019h\u00f4tes<\/u> sur demande.<\/li>\n<\/ul>\n<table style=\"border-collapse: collapse; margin-top: 16px;\" border=\"1\" cellspacing=\"0\" cellpadding=\"6\">\n<caption><strong>Comparatif des suites du Mas Lauralie<\/strong><\/caption>\n<tbody>\n<tr style=\"background-color: #f2f2f2;\">\n<td><strong>Suite<\/strong><\/td>\n<td><strong>Surface<\/strong><\/td>\n<td><strong>SPA\/Jacuzzi<\/strong><\/td>\n<td><strong>Caract\u00e9ristiques<\/strong><\/td>\n<td><strong>Capacit\u00e9<\/strong><\/td>\n<\/tr>\n<tr>\n<td>ELSIA<\/td>\n<td>70 m\u00b2<\/td>\n<td>SPA XXL 5 places<\/td>\n<td>Pierres apparentes, douche italienne, canap\u00e9, TV LED<\/td>\n<td>2 personnes<\/td>\n<\/tr>\n<tr>\n<td>CASSANHA<\/td>\n<td>Cabane bois<\/td>\n<td>SPA 3 places<\/td>\n<td>Hamac, douche italienne, TV LED<\/td>\n<td>2 personnes<\/td>\n<\/tr>\n<tr>\n<td>MEDIANA<\/td>\n<td>55 m\u00b2<\/td>\n<td>SPA 3 places<\/td>\n<td>Pierres et bois, douche italienne XXL, TV LED<\/td>\n<td>2 personnes<\/td>\n<\/tr>\n<tr>\n<td>ADONIS<\/td>\n<td>65 m\u00b2 sous vo\u00fbte<\/td>\n<td>SPA 3 places ext\u00e9rieur sous vo\u00fbte + baignoire baln\u00e9o<\/td>\n<td>Douche italienne, canap\u00e9, TV LED<\/td>\n<td>2 personnes<\/td>\n<\/tr>\n<tr>\n<td>ARENAS<\/td>\n<td>60 m\u00b2<\/td>\n<td>SPA baln\u00e9o XXL<\/td>\n<td>2 lits king size, terrasse, TV LED<\/td>\n<td>Jusqu\u2019\u00e0 4 personnes<\/td>\n<\/tr>\n<\/tbody>\n<\/table>\n<p>Cette diversit\u00e9 de prestations conf\u00e8re au <a href=\"https:\/\/www.maslauralie.fr\/\" target=\"_blank\" rel=\"noopener\">hotel spa ales<\/a> une place centrale dans l\u2019offre locale\u00a0: que vous recherchiez une <u>escapade pour deux<\/u>, un s\u00e9jour en <strong>groupe<\/strong> ou des vacances en famille, vous trouverez au <strong>Mas Lauralie<\/strong> un h\u00e9bergement adapt\u00e9 \u00e0 chaque projet.<\/p>\n<h2>Conseils pour r\u00e9server l\u2019h\u00e9bergement id\u00e9al selon vos attentes<\/h2>\n<p>Pour optimiser votre <strong>r\u00e9servation de chambres d\u2019h\u00f4tes \u00e0 Al\u00e8s<\/strong>, il convient d\u2019appliquer une m\u00e9thode fond\u00e9e sur l\u2019analyse des crit\u00e8res de s\u00e9lection, la comparaison des offres et l\u2019anticipation des besoins sp\u00e9cifiques \u00e0 votre s\u00e9jour. Voici nos recommandations\u00a0:<\/p>\n<ul>\n<li>Localisez l\u2019h\u00e9bergement\u00a0: proximit\u00e9 des C\u00e9vennes, acc\u00e8s aux grands axes, environnement calme vs animation urbaine.<\/li>\n<li>V\u00e9rifiez les \u00e9quipements prioritaires selon vos attentes\u00a0: SPA, piscine, terrasse, parking, wifi, accueil famille ou animaux.<\/li>\n<li><strong>Consultez les avis clients<\/strong> pour \u00e9valuer la qualit\u00e9 de l\u2019accueil, la propret\u00e9 et le confort des suites.<\/li>\n<li>\u00c9tudiez les conditions de <u>r\u00e9servation<\/u> (annulation gratuite, modification flexible).<\/li>\n<li>Comparez les tarifs sur les <strong>plateformes sp\u00e9cialis\u00e9es<\/strong>, mais privil\u00e9giez le <a href=\"https:\/\/www.maslauralie.fr\/\" target=\"_blank\" rel=\"noopener\">hotel spa ales<\/a> pour une r\u00e9servation directe et un service personnalis\u00e9.<\/li>\n<li>Soyez attentif \u00e0 la disponibilit\u00e9 en p\u00e9riode de forte demande\u00a0: vacances scolaires, grands \u00e9v\u00e9nements ou festivals \u00e0 Al\u00e8s.<\/li>\n<\/ul>\n<p>Nous vous conseillons \u00e9galement de contacter directement le <strong>Mas Lauralie<\/strong> pour toute demande sp\u00e9cifique (mise \u00e0 disposition d\u2019espace famille, organisation d\u2019\u00e9v\u00e9nement priv\u00e9, conditions d\u2019acc\u00e8s pour les groupes ou les couples). Les coordonn\u00e9es sont\u00a0:<br \/>\n<strong>28 chemin des Tourettes, 30340 M\u00e9jannes les Al\u00e8s<\/strong> | <strong>+33 6 65 47 21 92<\/strong> | <strong>mas.lauralie@gmail.com<\/strong><\/p>\n<h2>D\u00e9couvrir les alentours d\u2019Al\u00e8s lors de votre s\u00e9jour<\/h2>\n<p>Profiter d\u2019une <strong>chambre d\u2019h\u00f4tes \u00e0 Al\u00e8s<\/strong> comme celles du <strong>Mas Lauralie<\/strong>, c\u2019est disposer d\u2019une base id\u00e9ale pour explorer les tr\u00e9sors du pays c\u00e9venol et vivre des <u>exp\u00e9riences uniques<\/u> entre ville, nature et patrimoine.<\/p>\n<ul>\n<li><strong>Randonn\u00e9es<\/strong> dans les C\u00e9vennes\u00a0: sentiers balis\u00e9s, panoramas d\u2019exception, faune et flore prot\u00e9g\u00e9es.<\/li>\n<li>Visite des <u>sites incontournables<\/u>\u00a0: Mus\u00e9e du Colombier, Bambouseraie d\u2019Anduze, grotte de Trabuc.<\/li>\n<li>D\u00e9couverte des march\u00e9s traditionnels\u00a0: produits du terroir, artisans locaux, ambiance festive.<\/li>\n<li>Excursion dans les villages typiques\u00a0: Saint-Jean-du-Gard, Anduze, Uz\u00e8s.<\/li>\n<li>Tourisme vert\u00a0: baignades en rivi\u00e8re, cyclotourisme, VTT sur les chemins c\u00e9venols.<\/li>\n<li>Gastronomie al\u00e9sienne\u00a0: tables d\u2019h\u00f4tes, d\u00e9gustation de sp\u00e9cialit\u00e9s r\u00e9gionales, vins du Gard.<\/li>\n<\/ul>\n<p>Laissez-vous guider par les conseils avis\u00e9s des propri\u00e9taires du <a href=\"https:\/\/www.maslauralie.fr\/\" target=\"_blank\" rel=\"noopener\">hotel spa ales<\/a>, experts du terroir, qui vous recommanderont circuits personnalis\u00e9s, activit\u00e9s insolites et lieux secrets \u00e0 d\u00e9couvrir\u00a0: votre s\u00e9jour sera plac\u00e9 sous le signe du partage, de la nature et de <strong>l\u2019exp\u00e9rience c\u00e9venole<\/strong> authentique.<\/p>\n<h2>Foire aux questions sur les chambres d\u2019h\u00f4tes \u00e0 Al\u00e8s<\/h2>\n<p><strong>Quels sont les avantages d\u2019une r\u00e9servation directe aupr\u00e8s du Mas Lauralie\u00a0?<\/strong><br \/>\nVous b\u00e9n\u00e9ficiez d\u2019une <u>meilleure flexibilit\u00e9<\/u> sur les dates, de conditions d\u2019annulation adapt\u00e9es, d\u2019un accueil personnalis\u00e9 et de tarifs pr\u00e9f\u00e9rentiels. Un contact direct permet \u00e9galement de pr\u00e9ciser vos besoins sp\u00e9cifiques (situation g\u00e9ographique, \u00e9quipements, animaux, groupes, c\u00e9l\u00e9brations).<\/p>\n<p><strong>Le Mas Lauralie propose-t-il l\u2019annulation gratuite\u00a0?<\/strong><br \/>\nOui, sous conditions et selon la saison. N\u2019h\u00e9sitez pas \u00e0 vous renseigner lors de votre prise de contact.<\/p>\n<p><strong>Peut-on s\u00e9journer \u00e0 plusieurs ou en famille\u00a0?<\/strong><br \/>\nLa <u>Suite ARENAS<\/u> accueille jusqu\u2019\u00e0 quatre personnes avec deux lits king size, id\u00e9al pour les s\u00e9jours en famille ou groupe.<\/p>\n<p><strong>Y a-t-il des prestations sp\u00e9cifiques pour les couples\u00a0?<\/strong><br \/>\nToutes les suites, notamment <u>ELSIA<\/u>, <u>MEDIANA<\/u>, <u>ADONIS<\/u> et <u>CASSANHA<\/u>, sont con\u00e7ues pour des s\u00e9jours romantiques avec jacuzzi priv\u00e9, d\u00e9coration intimiste et atmosph\u00e8re cocooning.<\/p>\n<p><strong>Le Mas Lauralie est-il facilement accessible depuis Al\u00e8s et les C\u00e9vennes\u00a0?<\/strong><br \/>\nSitu\u00e9 \u00e0 M\u00e9jannes-les-Al\u00e8s, \u00e0 proximit\u00e9 imm\u00e9diate d\u2019Al\u00e8s et des villages c\u00e9venols, l\u2019acc\u00e8s est rapide par voiture, transports en commun ou v\u00e9lo.<\/p>\n<p><strong>Quels services sont inclus dans chaque r\u00e9servation\u00a0?<\/strong><br \/>\nSelon la suite s\u00e9lectionn\u00e9e\u00a0: SPA priv\u00e9, terrasse, petit-d\u00e9jeuner, parking s\u00e9curis\u00e9, wifi, conseils touristiques et possibilit\u00e9 de table d\u2019h\u00f4tes.<\/p>\n<h2>Conclusion<\/h2>\n<p>Pour <strong>s\u00e9journer \u00e0 Al\u00e8s et rayonner dans la r\u00e9gion c\u00e9venole<\/strong>, privil\u00e9gier une <u>chambre d\u2019h\u00f4tes de charme<\/u> telle que le <a href=\"https:\/\/www.maslauralie.fr\/\" target=\"_blank\" rel=\"noopener\">hotel spa ales<\/a> constitue une d\u00e9cision s\u00fbre et judicieuse. Vous profiterez d\u2019un <strong>accueil sur mesure<\/strong>, de prestations d\u2019exception et d\u2019un acc\u00e8s privil\u00e9gi\u00e9 aux lieux incontournables des C\u00e9vennes. Consultez sans attendre l\u2019offre du <strong>Mas Lauralie<\/strong> (28 chemin des Tourettes, 30340 M\u00e9jannes les Al\u00e8s, +33 6 65 47 21 92, mas.lauralie@gmail.com) pour r\u00e9server votre <strong>exp\u00e9rience unique \u00e0 Al\u00e8s<\/strong>\u00a0: chaque d\u00e9tail est pens\u00e9 pour faire de votre s\u00e9jour un souvenir m\u00e9morable, \u00e0 la hauteur de vos attentes.<\/p>\n","protected":false},"excerpt":{"rendered":"","protected":false},"author":34,"featured_media":7891,"comment_status":"open","ping_status":"open","sticky":false,"template":"","format":"standard","meta":{"_acf_changed":false,"manual_indexmenow":false,"indexmenow_id_project":0,"footnotes":""},"categories":[1],"tags":[],"class_list":["post-7878","post","type-post","status-publish","format-standard","has-post-thumbnail","hentry","category-a-la-une","generate-columns","tablet-grid-50","mobile-grid-100","grid-parent","grid-25"],"acf":[],"yoast_head":"<!-- This site is optimized with the Yoast SEO Premium plugin v21.3 (Yoast SEO v27.3) - https:\/\/yoast.com\/product\/yoast-seo-premium-wordpress\/ -->\n<title>O\u00f9 s\u00e9journer dans la r\u00e9gion d\u2019Al\u00e8s : h\u00e9bergements de charme et convivialit\u00e9<\/title>\n<meta name=\"description\" content=\"Privil\u00e9gier une chambre d\u2019h\u00f4tes dans cette r\u00e9gion c\u00e9venole vous assure une exp\u00e9rience personnalis\u00e9e, un accueil chaleureux et un cadre naturel pr\u00e9serv\u00e9.\" \/>\n<meta name=\"robots\" content=\"index, follow, max-snippet:-1, max-image-preview:large, max-video-preview:-1\" \/>\n<link rel=\"canonical\" href=\"https:\/\/campingpanoramic.fr\/blog\/a-la-une\/ou-sejourner-dans-la-region-dales-hebergements-de-charme-et-convivialite\/\" \/>\n<meta property=\"og:locale\" content=\"fr_FR\" \/>\n<meta property=\"og:type\" content=\"article\" \/>\n<meta property=\"og:title\" content=\"O\u00f9 s\u00e9journer dans la r\u00e9gion d\u2019Al\u00e8s : h\u00e9bergements de charme et convivialit\u00e9\" \/>\n<meta property=\"og:description\" content=\"Privil\u00e9gier une chambre d\u2019h\u00f4tes dans cette r\u00e9gion c\u00e9venole vous assure une exp\u00e9rience personnalis\u00e9e, un accueil chaleureux et un cadre naturel pr\u00e9serv\u00e9.\" \/>\n<meta property=\"og:url\" content=\"https:\/\/campingpanoramic.fr\/blog\/a-la-une\/ou-sejourner-dans-la-region-dales-hebergements-de-charme-et-convivialite\/\" \/>\n<meta property=\"og:site_name\" content=\"campingpanoramic\" \/>\n<meta name=\"author\" content=\"Camille R.\" \/>\n<meta name=\"twitter:card\" content=\"summary_large_image\" \/>\n<script type=\"application\/ld+json\" class=\"yoast-schema-graph\">{\"@context\":\"https:\\\/\\\/schema.org\",\"@graph\":[{\"@type\":\"NewsArticle\",\"@id\":\"https:\\\/\\\/campingpanoramic.fr\\\/blog\\\/a-la-une\\\/ou-sejourner-dans-la-region-dales-hebergements-de-charme-et-convivialite\\\/#article\",\"isPartOf\":{\"@id\":\"https:\\\/\\\/campingpanoramic.fr\\\/blog\\\/a-la-une\\\/ou-sejourner-dans-la-region-dales-hebergements-de-charme-et-convivialite\\\/\"},\"author\":{\"name\":\"Camille R.\",\"@id\":\"https:\\\/\\\/campingpanoramic.fr\\\/blog\\\/#\\\/schema\\\/person\\\/3c864cdc320801e3db34b663e7e3f816\"},\"headline\":\"O\u00f9 s\u00e9journer dans la r\u00e9gion d\u2019Al\u00e8s : h\u00e9bergements de charme et convivialit\u00e9\",\"datePublished\":\"2025-10-26T20:33:01+00:00\",\"mainEntityOfPage\":{\"@id\":\"https:\\\/\\\/campingpanoramic.fr\\\/blog\\\/a-la-une\\\/ou-sejourner-dans-la-region-dales-hebergements-de-charme-et-convivialite\\\/\"},\"wordCount\":1787,\"commentCount\":0,\"publisher\":{\"@id\":\"https:\\\/\\\/campingpanoramic.fr\\\/blog\\\/#organization\"},\"image\":{\"@id\":\"https:\\\/\\\/campingpanoramic.fr\\\/blog\\\/a-la-une\\\/ou-sejourner-dans-la-region-dales-hebergements-de-charme-et-convivialite\\\/#primaryimage\"},\"thumbnailUrl\":\"https:\\\/\\\/campingpanoramic.fr\\\/blog\\\/wp-content\\\/uploads\\\/2025\\\/10\\\/sdxl-bc0c797e42128ad16e626320a5f4a6c2-scaled.png\",\"articleSection\":[\"\u00c0 la une\"],\"inLanguage\":\"fr-FR\",\"potentialAction\":[{\"@type\":\"CommentAction\",\"name\":\"Comment\",\"target\":[\"https:\\\/\\\/campingpanoramic.fr\\\/blog\\\/a-la-une\\\/ou-sejourner-dans-la-region-dales-hebergements-de-charme-et-convivialite\\\/#respond\"]}]},{\"@type\":\"WebPage\",\"@id\":\"https:\\\/\\\/campingpanoramic.fr\\\/blog\\\/a-la-une\\\/ou-sejourner-dans-la-region-dales-hebergements-de-charme-et-convivialite\\\/\",\"url\":\"https:\\\/\\\/campingpanoramic.fr\\\/blog\\\/a-la-une\\\/ou-sejourner-dans-la-region-dales-hebergements-de-charme-et-convivialite\\\/\",\"name\":\"O\u00f9 s\u00e9journer dans la r\u00e9gion d\u2019Al\u00e8s : h\u00e9bergements de charme et convivialit\u00e9\",\"isPartOf\":{\"@id\":\"https:\\\/\\\/campingpanoramic.fr\\\/blog\\\/#website\"},\"primaryImageOfPage\":{\"@id\":\"https:\\\/\\\/campingpanoramic.fr\\\/blog\\\/a-la-une\\\/ou-sejourner-dans-la-region-dales-hebergements-de-charme-et-convivialite\\\/#primaryimage\"},\"image\":{\"@id\":\"https:\\\/\\\/campingpanoramic.fr\\\/blog\\\/a-la-une\\\/ou-sejourner-dans-la-region-dales-hebergements-de-charme-et-convivialite\\\/#primaryimage\"},\"thumbnailUrl\":\"https:\\\/\\\/campingpanoramic.fr\\\/blog\\\/wp-content\\\/uploads\\\/2025\\\/10\\\/sdxl-bc0c797e42128ad16e626320a5f4a6c2-scaled.png\",\"datePublished\":\"2025-10-26T20:33:01+00:00\",\"description\":\"Privil\u00e9gier une chambre d\u2019h\u00f4tes dans cette r\u00e9gion c\u00e9venole vous assure une exp\u00e9rience personnalis\u00e9e, un accueil chaleureux et un cadre naturel pr\u00e9serv\u00e9.\",\"inLanguage\":\"fr-FR\",\"potentialAction\":[{\"@type\":\"ReadAction\",\"target\":[\"https:\\\/\\\/campingpanoramic.fr\\\/blog\\\/a-la-une\\\/ou-sejourner-dans-la-region-dales-hebergements-de-charme-et-convivialite\\\/\"]}]},{\"@type\":\"ImageObject\",\"inLanguage\":\"fr-FR\",\"@id\":\"https:\\\/\\\/campingpanoramic.fr\\\/blog\\\/a-la-une\\\/ou-sejourner-dans-la-region-dales-hebergements-de-charme-et-convivialite\\\/#primaryimage\",\"url\":\"https:\\\/\\\/campingpanoramic.fr\\\/blog\\\/wp-content\\\/uploads\\\/2025\\\/10\\\/sdxl-bc0c797e42128ad16e626320a5f4a6c2-scaled.png\",\"contentUrl\":\"https:\\\/\\\/campingpanoramic.fr\\\/blog\\\/wp-content\\\/uploads\\\/2025\\\/10\\\/sdxl-bc0c797e42128ad16e626320a5f4a6c2-scaled.png\",\"width\":1200,\"height\":500},{\"@type\":\"WebSite\",\"@id\":\"https:\\\/\\\/campingpanoramic.fr\\\/blog\\\/#website\",\"url\":\"https:\\\/\\\/campingpanoramic.fr\\\/blog\\\/\",\"name\":\"campingpanoramic.fr\",\"description\":\"Votre escapade panoramique vous attend.\",\"publisher\":{\"@id\":\"https:\\\/\\\/campingpanoramic.fr\\\/blog\\\/#organization\"},\"alternateName\":\"Votre escapade panoramique vous attend.\",\"potentialAction\":[{\"@type\":\"SearchAction\",\"target\":{\"@type\":\"EntryPoint\",\"urlTemplate\":\"https:\\\/\\\/campingpanoramic.fr\\\/blog\\\/?s={search_term_string}\"},\"query-input\":{\"@type\":\"PropertyValueSpecification\",\"valueRequired\":true,\"valueName\":\"search_term_string\"}}],\"inLanguage\":\"fr-FR\"},{\"@type\":\"Organization\",\"@id\":\"https:\\\/\\\/campingpanoramic.fr\\\/blog\\\/#organization\",\"name\":\"Foretsensations.fr\",\"url\":\"https:\\\/\\\/campingpanoramic.fr\\\/blog\\\/\",\"logo\":{\"@type\":\"ImageObject\",\"inLanguage\":\"fr-FR\",\"@id\":\"https:\\\/\\\/campingpanoramic.fr\\\/blog\\\/#\\\/schema\\\/logo\\\/image\\\/\",\"url\":\"https:\\\/\\\/campingpanoramic.fr\\\/blog\\\/wp-content\\\/uploads\\\/2024\\\/12\\\/Campingpanoramic.png\",\"contentUrl\":\"https:\\\/\\\/campingpanoramic.fr\\\/blog\\\/wp-content\\\/uploads\\\/2024\\\/12\\\/Campingpanoramic.png\",\"width\":500,\"height\":500,\"caption\":\"Foretsensations.fr\"},\"image\":{\"@id\":\"https:\\\/\\\/campingpanoramic.fr\\\/blog\\\/#\\\/schema\\\/logo\\\/image\\\/\"}},{\"@type\":\"Person\",\"@id\":\"https:\\\/\\\/campingpanoramic.fr\\\/blog\\\/#\\\/schema\\\/person\\\/3c864cdc320801e3db34b663e7e3f816\",\"name\":\"Camille R.\",\"image\":{\"@type\":\"ImageObject\",\"inLanguage\":\"fr-FR\",\"@id\":\"https:\\\/\\\/campingpanoramic.fr\\\/blog\\\/wp-content\\\/uploads\\\/2025\\\/01\\\/stability-noname-administrator.png\",\"url\":\"https:\\\/\\\/campingpanoramic.fr\\\/blog\\\/wp-content\\\/uploads\\\/2025\\\/01\\\/stability-noname-administrator.png\",\"contentUrl\":\"https:\\\/\\\/campingpanoramic.fr\\\/blog\\\/wp-content\\\/uploads\\\/2025\\\/01\\\/stability-noname-administrator.png\",\"caption\":\"Camille R.\"},\"description\":\"Camille Renaud est r\u00e9dactrice web dans les domaines du sport, des loisirs et des jeux. Elle propose des contenus clairs et dynamiques autour des activit\u00e9s, des tendances et des exp\u00e9riences ludiques. Son objectif est de vous faire d\u00e9couvrir, comprendre et profiter pleinement d\u2019id\u00e9es et de concepts qui enrichissent votre temps libre.\",\"url\":\"https:\\\/\\\/campingpanoramic.fr\\\/blog\\\/auteur\\\/noname\\\/\"}]}<\/script>\n<!-- \/ Yoast SEO Premium plugin. -->","yoast_head_json":{"title":"O\u00f9 s\u00e9journer dans la r\u00e9gion d\u2019Al\u00e8s : h\u00e9bergements de charme et convivialit\u00e9","description":"Privil\u00e9gier une chambre d\u2019h\u00f4tes dans cette r\u00e9gion c\u00e9venole vous assure une exp\u00e9rience personnalis\u00e9e, un accueil chaleureux et un cadre naturel pr\u00e9serv\u00e9.","robots":{"index":"index","follow":"follow","max-snippet":"max-snippet:-1","max-image-preview":"max-image-preview:large","max-video-preview":"max-video-preview:-1"},"canonical":"https:\/\/campingpanoramic.fr\/blog\/a-la-une\/ou-sejourner-dans-la-region-dales-hebergements-de-charme-et-convivialite\/","og_locale":"fr_FR","og_type":"article","og_title":"O\u00f9 s\u00e9journer dans la r\u00e9gion d\u2019Al\u00e8s : h\u00e9bergements de charme et convivialit\u00e9","og_description":"Privil\u00e9gier une chambre d\u2019h\u00f4tes dans cette r\u00e9gion c\u00e9venole vous assure une exp\u00e9rience personnalis\u00e9e, un accueil chaleureux et un cadre naturel pr\u00e9serv\u00e9.","og_url":"https:\/\/campingpanoramic.fr\/blog\/a-la-une\/ou-sejourner-dans-la-region-dales-hebergements-de-charme-et-convivialite\/","og_site_name":"campingpanoramic","author":"Camille R.","twitter_card":"summary_large_image","schema":{"@context":"https:\/\/schema.org","@graph":[{"@type":"NewsArticle","@id":"https:\/\/campingpanoramic.fr\/blog\/a-la-une\/ou-sejourner-dans-la-region-dales-hebergements-de-charme-et-convivialite\/#article","isPartOf":{"@id":"https:\/\/campingpanoramic.fr\/blog\/a-la-une\/ou-sejourner-dans-la-region-dales-hebergements-de-charme-et-convivialite\/"},"author":{"name":"Camille R.","@id":"https:\/\/campingpanoramic.fr\/blog\/#\/schema\/person\/3c864cdc320801e3db34b663e7e3f816"},"headline":"O\u00f9 s\u00e9journer dans la r\u00e9gion d\u2019Al\u00e8s : h\u00e9bergements de charme et convivialit\u00e9","datePublished":"2025-10-26T20:33:01+00:00","mainEntityOfPage":{"@id":"https:\/\/campingpanoramic.fr\/blog\/a-la-une\/ou-sejourner-dans-la-region-dales-hebergements-de-charme-et-convivialite\/"},"wordCount":1787,"commentCount":0,"publisher":{"@id":"https:\/\/campingpanoramic.fr\/blog\/#organization"},"image":{"@id":"https:\/\/campingpanoramic.fr\/blog\/a-la-une\/ou-sejourner-dans-la-region-dales-hebergements-de-charme-et-convivialite\/#primaryimage"},"thumbnailUrl":"https:\/\/campingpanoramic.fr\/blog\/wp-content\/uploads\/2025\/10\/sdxl-bc0c797e42128ad16e626320a5f4a6c2-scaled.png","articleSection":["\u00c0 la une"],"inLanguage":"fr-FR","potentialAction":[{"@type":"CommentAction","name":"Comment","target":["https:\/\/campingpanoramic.fr\/blog\/a-la-une\/ou-sejourner-dans-la-region-dales-hebergements-de-charme-et-convivialite\/#respond"]}]},{"@type":"WebPage","@id":"https:\/\/campingpanoramic.fr\/blog\/a-la-une\/ou-sejourner-dans-la-region-dales-hebergements-de-charme-et-convivialite\/","url":"https:\/\/campingpanoramic.fr\/blog\/a-la-une\/ou-sejourner-dans-la-region-dales-hebergements-de-charme-et-convivialite\/","name":"O\u00f9 s\u00e9journer dans la r\u00e9gion d\u2019Al\u00e8s : h\u00e9bergements de charme et convivialit\u00e9","isPartOf":{"@id":"https:\/\/campingpanoramic.fr\/blog\/#website"},"primaryImageOfPage":{"@id":"https:\/\/campingpanoramic.fr\/blog\/a-la-une\/ou-sejourner-dans-la-region-dales-hebergements-de-charme-et-convivialite\/#primaryimage"},"image":{"@id":"https:\/\/campingpanoramic.fr\/blog\/a-la-une\/ou-sejourner-dans-la-region-dales-hebergements-de-charme-et-convivialite\/#primaryimage"},"thumbnailUrl":"https:\/\/campingpanoramic.fr\/blog\/wp-content\/uploads\/2025\/10\/sdxl-bc0c797e42128ad16e626320a5f4a6c2-scaled.png","datePublished":"2025-10-26T20:33:01+00:00","description":"Privil\u00e9gier une chambre d\u2019h\u00f4tes dans cette r\u00e9gion c\u00e9venole vous assure une exp\u00e9rience personnalis\u00e9e, un accueil chaleureux et un cadre naturel pr\u00e9serv\u00e9.","inLanguage":"fr-FR","potentialAction":[{"@type":"ReadAction","target":["https:\/\/campingpanoramic.fr\/blog\/a-la-une\/ou-sejourner-dans-la-region-dales-hebergements-de-charme-et-convivialite\/"]}]},{"@type":"ImageObject","inLanguage":"fr-FR","@id":"https:\/\/campingpanoramic.fr\/blog\/a-la-une\/ou-sejourner-dans-la-region-dales-hebergements-de-charme-et-convivialite\/#primaryimage","url":"https:\/\/campingpanoramic.fr\/blog\/wp-content\/uploads\/2025\/10\/sdxl-bc0c797e42128ad16e626320a5f4a6c2-scaled.png","contentUrl":"https:\/\/campingpanoramic.fr\/blog\/wp-content\/uploads\/2025\/10\/sdxl-bc0c797e42128ad16e626320a5f4a6c2-scaled.png","width":1200,"height":500},{"@type":"WebSite","@id":"https:\/\/campingpanoramic.fr\/blog\/#website","url":"https:\/\/campingpanoramic.fr\/blog\/","name":"campingpanoramic.fr","description":"Votre escapade panoramique vous attend.","publisher":{"@id":"https:\/\/campingpanoramic.fr\/blog\/#organization"},"alternateName":"Votre escapade panoramique vous attend.","potentialAction":[{"@type":"SearchAction","target":{"@type":"EntryPoint","urlTemplate":"https:\/\/campingpanoramic.fr\/blog\/?s={search_term_string}"},"query-input":{"@type":"PropertyValueSpecification","valueRequired":true,"valueName":"search_term_string"}}],"inLanguage":"fr-FR"},{"@type":"Organization","@id":"https:\/\/campingpanoramic.fr\/blog\/#organization","name":"Foretsensations.fr","url":"https:\/\/campingpanoramic.fr\/blog\/","logo":{"@type":"ImageObject","inLanguage":"fr-FR","@id":"https:\/\/campingpanoramic.fr\/blog\/#\/schema\/logo\/image\/","url":"https:\/\/campingpanoramic.fr\/blog\/wp-content\/uploads\/2024\/12\/Campingpanoramic.png","contentUrl":"https:\/\/campingpanoramic.fr\/blog\/wp-content\/uploads\/2024\/12\/Campingpanoramic.png","width":500,"height":500,"caption":"Foretsensations.fr"},"image":{"@id":"https:\/\/campingpanoramic.fr\/blog\/#\/schema\/logo\/image\/"}},{"@type":"Person","@id":"https:\/\/campingpanoramic.fr\/blog\/#\/schema\/person\/3c864cdc320801e3db34b663e7e3f816","name":"Camille R.","image":{"@type":"ImageObject","inLanguage":"fr-FR","@id":"https:\/\/campingpanoramic.fr\/blog\/wp-content\/uploads\/2025\/01\/stability-noname-administrator.png","url":"https:\/\/campingpanoramic.fr\/blog\/wp-content\/uploads\/2025\/01\/stability-noname-administrator.png","contentUrl":"https:\/\/campingpanoramic.fr\/blog\/wp-content\/uploads\/2025\/01\/stability-noname-administrator.png","caption":"Camille R."},"description":"Camille Renaud est r\u00e9dactrice web dans les domaines du sport, des loisirs et des jeux. Elle propose des contenus clairs et dynamiques autour des activit\u00e9s, des tendances et des exp\u00e9riences ludiques. Son objectif est de vous faire d\u00e9couvrir, comprendre et profiter pleinement d\u2019id\u00e9es et de concepts qui enrichissent votre temps libre.","url":"https:\/\/campingpanoramic.fr\/blog\/auteur\/noname\/"}]}},"_links":{"self":[{"href":"https:\/\/campingpanoramic.fr\/blog\/wp-json\/wp\/v2\/posts\/7878","targetHints":{"allow":["GET"]}}],"collection":[{"href":"https:\/\/campingpanoramic.fr\/blog\/wp-json\/wp\/v2\/posts"}],"about":[{"href":"https:\/\/campingpanoramic.fr\/blog\/wp-json\/wp\/v2\/types\/post"}],"author":[{"embeddable":true,"href":"https:\/\/campingpanoramic.fr\/blog\/wp-json\/wp\/v2\/users\/34"}],"replies":[{"embeddable":true,"href":"https:\/\/campingpanoramic.fr\/blog\/wp-json\/wp\/v2\/comments?post=7878"}],"version-history":[{"count":1,"href":"https:\/\/campingpanoramic.fr\/blog\/wp-json\/wp\/v2\/posts\/7878\/revisions"}],"predecessor-version":[{"id":7879,"href":"https:\/\/campingpanoramic.fr\/blog\/wp-json\/wp\/v2\/posts\/7878\/revisions\/7879"}],"wp:featuredmedia":[{"embeddable":true,"href":"https:\/\/campingpanoramic.fr\/blog\/wp-json\/wp\/v2\/media\/7891"}],"wp:attachment":[{"href":"https:\/\/campingpanoramic.fr\/blog\/wp-json\/wp\/v2\/media?parent=7878"}],"wp:term":[{"taxonomy":"category","embeddable":true,"href":"https:\/\/campingpanoramic.fr\/blog\/wp-json\/wp\/v2\/categories?post=7878"},{"taxonomy":"post_tag","embeddable":true,"href":"https:\/\/campingpanoramic.fr\/blog\/wp-json\/wp\/v2\/tags?post=7878"}],"curies":[{"name":"wp","href":"https:\/\/api.w.org\/{rel}","templated":true}]}}