{"id":7690,"date":"2025-06-14T03:20:26","date_gmt":"2025-06-14T01:20:26","guid":{"rendered":"https:\/\/campingpanoramic.fr\/blog\/a-la-une\/comment-selectionner-le-site-ideal-pour-organiser-un-sejour-camping-zero-carbone\/"},"modified":"2025-06-14T03:20:26","modified_gmt":"2025-06-14T01:20:26","slug":"comment-selectionner-le-site-ideal-pour-organiser-un-sejour-camping-zero-carbone","status":"publish","type":"post","link":"https:\/\/campingpanoramic.fr\/blog\/a-la-une\/comment-selectionner-le-site-ideal-pour-organiser-un-sejour-camping-zero-carbone\/","title":{"rendered":"Comment s\u00e9lectionner le site id\u00e9al pour organiser un s\u00e9jour camping z\u00e9ro carbone"},"content":{"rendered":"<h1>Comment s\u00e9lectionner le site id\u00e9al pour organiser un s\u00e9jour camping z\u00e9ro carbone<\/h1>\n<h2>V\u00e9rifier l\u2019engagement \u00e9cologique r\u00e9el du camping<\/h2>\n<p>Nous conseillons vivement d\u2019orienter votre choix vers des sites affichant <strong>des d\u00e9marches \u00e9cologiques concr\u00e8tes<\/strong>, et pas seulement des promesses marketing. Les sites labellis\u00e9s comme <strong>Clef Verte<\/strong> ou <strong>\u00c9colabel Europ\u00e9en<\/strong> assurent une gestion vertueuse de l\u2019\u00e9nergie, de l\u2019eau et des d\u00e9chets, gr\u00e2ce \u00e0 un contr\u00f4le r\u00e9gulier et \u00e0 des obligations de r\u00e9sultats. En 2023, le camping Huttopia Divonne-les-Bains a obtenu la Clef Verte gr\u00e2ce \u00e0 <strong>l\u2019installation de panneaux solaires, la r\u00e9cup\u00e9ration des eaux pluviales<\/strong> et la politique \u00ab\u00a0z\u00e9ro pesticide\u00a0\u00bb. Les certifications, telles que celles du r\u00e9seau La Via Natura ou l\u2019\u00c9colabel Europ\u00e9en, t\u00e9moignent d\u2019une <u>implication stricte sur les crit\u00e8res environnementaux<\/u> et d\u2019une politique active de sensibilisation, formation du personnel comprise.<\/p>\n<ul>\n<li>Production d\u2019\u00e9nergie renouvelable (solaire, g\u00e9othermie)<\/li>\n<li>Tri s\u00e9lectif, compostage, limitation du plastique \u00e0 usage unique<\/li>\n<li>Restriction de la circulation automobile sur site<\/li>\n<li>Int\u00e9gration paysag\u00e8re\u202f: implantation respectueuse et limitation de l\u2019artificialisation des sols<\/li>\n<\/ul>\n<p>Choisir ces \u00e9tablissements permet de r\u00e9duire de 30\u202f% les \u00e9missions de gaz \u00e0 effet de serre li\u00e9es \u00e0 votre s\u00e9jour, d\u2019apr\u00e8s l\u2019ADEME. Nous estimons qu\u2019il est indispensable de consulter les fiches d\u2019engagement ou d&rsquo;\u00e9changer directement avec la direction pour v\u00e9rifier la transparence des actions men\u00e9es.<\/p>\n<h2>Localisation strat\u00e9gique\u202f: proximit\u00e9 avec la nature et accessibilit\u00e9 douce<\/h2>\n<p>Le choix de l\u2019emplacement d\u00e9termine l\u2019empreinte carbone globale du s\u00e9jour. Privil\u00e9gions des campings nich\u00e9s dans des environnements pr\u00e9serv\u00e9s, tels que <strong>le Parc National des C\u00e9vennes<\/strong> o\u00f9 le \u00ab\u00a0Camping Le Vaillant\u00a0\u00bb propose un acc\u00e8s direct aux sentiers de randonn\u00e9e, ou la <strong>Vall\u00e9e du Tarn<\/strong> qui accueille des petits sites familiaux engag\u00e9s dans la pr\u00e9servation de la biodiversit\u00e9. Cette localisation facilite la d\u00e9couverte d\u2019\u00e9cosyst\u00e8mes riches, sans recourir \u00e0 un v\u00e9hicule motoris\u00e9.<\/p>\n<ul>\n<li>Proximit\u00e9 imm\u00e9diate de r\u00e9seaux de transport en commun\u202f: acc\u00e8s ferroviaire \u00e0 proximit\u00e9 du \u00ab\u00a0Camping du Lac de Biscarrosse\u00a0\u00bb via la gare d\u2019Ychoux<\/li>\n<li>Itin\u00e9raires cyclables balis\u00e9s reliant le camping \u00e0 la ville ou aux sites d\u2019int\u00e9r\u00eat, comme sur la V\u00e9lodyss\u00e9e en Gironde<\/li>\n<li>Partenariat avec des prestataires de location de v\u00e9los ou navettes \u00e9lectriques (exemple du \u00ab\u00a0Camping Les Ormes\u00a0\u00bb \u00e0 Saint-\u00c9tienne-de-Viller\u00e9al)<\/li>\n<\/ul>\n<p><u>R\u00e9duire drastiquement l\u2019empreinte li\u00e9e au transport vers et autour du site<\/u> devient ainsi tout \u00e0 fait possible, particuli\u00e8rement en privil\u00e9giant des destinations accessibles en train r\u00e9gional (TER) ou via les r\u00e9seaux de bus d\u00e9partementaux.<\/p>\n<h2>Mode d\u2019h\u00e9bergement\u202f: sobri\u00e9t\u00e9 et innovation au service de l\u2019environnement<\/h2>\n<p>Nous recommandons des solutions d\u2019h\u00e9bergement sobres, con\u00e7ues selon une d\u00e9marche d\u2019<strong>\u00e9coconception<\/strong>. En 2024, le r\u00e9seau \u00ab\u00a0Via Natura\u00a0\u00bb privil\u00e9gie les <strong>tentes en coton bio, cabanes en bois local non trait\u00e9, emplacements nus, yourtes et tiny houses<\/strong> int\u00e9gr\u00e9es sans terrassement lourd. Les h\u00e9bergements insolites, comme les bulles transparentes du \u00ab\u00a0Camping du Luberon\u00a0\u00bb, adoptent une charte stricte\u202f: b\u00e2ches recycl\u00e9es, isolation naturelle, toitures v\u00e9g\u00e9talis\u00e9es.<\/p>\n<ul>\n<li>Mat\u00e9riaux issus de fili\u00e8res renouvelables, labellis\u00e9s FSC ou PEFC<\/li>\n<li>\u00c9quipements sommables\u202f: points d\u2019eau collectifs, sanitaires partag\u00e9s, \u00e9clairage LED basse consommation<\/li>\n<li>Mise \u00e0 disposition de kits z\u00e9ro d\u00e9chet et limitation du mobilier sur les emplacements<\/li>\n<\/ul>\n<p>La gestion collective du stationnement, pratiqu\u00e9e au \u00ab\u00a0Camping La Serre\u00a0\u00bb en Ari\u00e8ge, limite la circulation \u00e0 l\u2019int\u00e9rieur du domaine, garantissant ainsi la qualit\u00e9 de l\u2019air et la pr\u00e9servation de la faune locale. Nous consid\u00e9rons que les campings pionniers, tels que \u00ab\u00a0Les Cabanes de Rensiwez\u00a0\u00bb dans les Ardennes, offrent une exp\u00e9rience unique en conjuguant innovation, discr\u00e9tion architecturale et empreinte minimale.<\/p>\n<h2>Consommation responsable sur place\u202f: alimentation locale et circuits courts<\/h2>\n<p>La restauration durable devient un axe capital pour un s\u00e9jour z\u00e9ro carbone. <u>Mettre l\u2019accent sur les produits bio, locaux, de saison<\/u> permet de soutenir l\u2019\u00e9conomie rurale tout en limitant les \u00e9missions li\u00e9es au transport et \u00e0 la transformation alimentaire. Au \u00ab\u00a0Camping Les Cigales\u00a0\u00bb dans le Lot, l\u2019\u00e9picerie met exclusivement en avant des fruits et l\u00e9gumes issus de l\u2019agriculture biologique locale, et propose chaque semaine un march\u00e9 de producteurs fermiers issus d\u2019un rayon de moins de 20 km.<\/p>\n<ul>\n<li>Partenariats avec les AMAP et exploitations agricoles voisines<\/li>\n<li>Service de restauration \u00e0 base de plats v\u00e9g\u00e9tariens, fromages fermiers et pains au levain (exemple du \u00ab\u00a0Domaine de la Grande Garenne\u00a0\u00bb dans le Berry)<\/li>\n<li>Ateliers culinaires sur la conservation, la lactofermentation et la cuisine antigaspi<\/li>\n<\/ul>\n<p>La plupart des campings engag\u00e9s, comme le \u00ab\u00a0Camping La Fontaine du Hallate\u00a0\u00bb en Bretagne, ont supprim\u00e9 les emballages plastiques \u00e0 usage unique au profit de contenants consign\u00e9s et encouragent l\u2019autoproduction via des parcelles partag\u00e9es. Nous sommes convaincus que l\u2019alimentation en circuit court permet de r\u00e9duire sensiblement le bilan carbone global du s\u00e9jour et d\u2019offrir des saveurs authentiques, en rupture avec la restauration industrielle.<\/p>\n<h2>Animations et sensibilisation \u00e0 l\u2019\u00e9co-responsabilit\u00e9<\/h2>\n<p>Un site r\u00e9ellement engag\u00e9 propose des <strong>animations ax\u00e9es sur la d\u00e9couverte et la pr\u00e9servation des \u00e9cosyst\u00e8mes<\/strong>. Le \u00ab\u00a0Camping Les Grands Pins\u00a0\u00bb dans les Landes organise des ateliers de reconnaissance v\u00e9g\u00e9tale, des balades nocturnes pour observer les chauves-souris et des s\u00e9ances d\u2019initiation au compostage avec les enfants. La transmission des gestes verts, souvent port\u00e9e par des intervenants sp\u00e9cialis\u00e9s, permet de renforcer l\u2019impact du s\u00e9jour bien au-del\u00e0 des vacances.<\/p>\n<ul>\n<li>Sessions bricolage\u202f: construction de nichoirs avec du bois de r\u00e9cup\u00e9ration<\/li>\n<li>Sorties nature guid\u00e9es avec des \u00e9cologues locaux (exemple\u202f: identification des orchid\u00e9es sauvages au \u00ab\u00a0Camping Le Clos du Lac\u00a0\u00bb)<\/li>\n<li>Conf\u00e9rences et projections sur les enjeux climatiques du territoire<\/li>\n<\/ul>\n<p>L\u2019implication des campeurs dans des chantiers participatifs (plantation de haies, entretien de mares) est une initiative du \u00ab\u00a0Camping Les \u00c9cureuils\u00a0\u00bb \u00e0 La Bernerie, valoris\u00e9e pour son ancrage local et la co-\u00e9ducation \u00e0 la protection des milieux. Nous jugeons ces animations essentielles, car elles donnent du sens \u00e0 la d\u00e9marche z\u00e9ro carbone, favorisant un mod\u00e8le reproductible \u00e0 long terme.<\/p>\n<h2>Choisir selon la capacit\u00e9 du site \u00e0 limiter la surfr\u00e9quentation<\/h2>\n<p>La taille limit\u00e9e du camping et la gestion stricte de la fr\u00e9quentation pr\u00e9servent la qui\u00e9tude et les espaces naturels. En 2024, le r\u00e9seau Via Natura limite ses sites \u00e0 80 emplacements maximum, dont plus de 70\u202f% r\u00e9serv\u00e9s \u00e0 des tentes et camping-cars, excluant les infrastructures gourmandes en ressources (aquaparks, grandes surfaces min\u00e9ralis\u00e9es). Le \u00ab\u00a0Camping Les Moulins\u00a0\u00bb sur l\u2019\u00eele de Noirmoutier privil\u00e9gie les petits groupes et impose un nombre maximum d\u2019occupants par emplacement pour maintenir la qualit\u00e9 des milieux dunaires.<\/p>\n<ul>\n<li>Sites avec r\u00e9servation obligatoire pendant la haute saison, fermeture de certains emplacements pour repos \u00e9cologique<\/li>\n<li>Rotation des zones d\u2019accueil chaque ann\u00e9e, permettant la r\u00e9g\u00e9n\u00e9ration de la v\u00e9g\u00e9tation<\/li>\n<li>Absence de spectacles de masse, programmation culturelle adapt\u00e9e \u00e0 la capacit\u00e9 d\u2019accueil<\/li>\n<\/ul>\n<p>Cette strat\u00e9gie contribue \u00e0 la protection de la biodiversit\u00e9. Nous avons remarqu\u00e9 que la raret\u00e9 des places, plut\u00f4t que d\u2019\u00eatre un frein, valorise l\u2019exp\u00e9rience\u202f: elle garantit le calme, la pr\u00e9servation du cadre et l\u2019acceptation d\u2019un tourisme qualitatif. La limitation de la densit\u00e9 humaine sur le site renforce l\u2019engagement envers la neutralit\u00e9 carbone.<\/p>\n<h2>Prendre en compte la politique de mobilit\u00e9 sur le camping<\/h2>\n<p>La mobilit\u00e9 interne repr\u00e9sente un facteur souvent sous-estim\u00e9 du bilan carbone. Les campings pionniers, tels que \u00ab\u00a0Le Ty Nadan\u00a0\u00bb en Bretagne, interdisent la circulation des v\u00e9hicules personnels \u00e0 l\u2019int\u00e9rieur du domaine au profit de parkings p\u00e9riph\u00e9riques s\u00e9curis\u00e9s. Nous \u00e9valuons que l\u2019instauration de <strong>navettes \u00e9lectriques, la location de v\u00e9los<\/strong> (classiques ou \u00e0 assistance), et le d\u00e9veloppement d\u2019un r\u00e9seau de voies pi\u00e9tonnes constituent des atouts pour allier praticit\u00e9 et r\u00e9duction de l\u2019empreinte environnementale.<\/p>\n<ul>\n<li>Points recharge pour v\u00e9hicules \u00e9lectriques, v\u00e9los pr\u00eat\u00e9s ou lou\u00e9s \u00e0 tarifs pr\u00e9f\u00e9rentiels<\/li>\n<li>Livraison de bagages depuis le parking jusqu\u2019aux emplacements via des v\u00e9hicules \u00e0 \u00e9nergie propre (exemple du \u00ab\u00a0Camping Les Pr\u00e9s Verts\u00a0\u00bb dans le Jura)<\/li>\n<li>Signalisation claire pour la circulation douce et plans d\u00e9taill\u00e9s \u00e0 l\u2019arriv\u00e9e<\/li>\n<\/ul>\n<p>Nous pensons que l\u2019interdiction des moteurs thermiques sur site, adopt\u00e9e au \u00ab\u00a0Camping du Pont d\u2019Avignon\u00a0\u00bb, contribue de fa\u00e7on significative \u00e0 la tranquillit\u00e9 et \u00e0 la protection de la faune. Cela permet de r\u00e9duire la pollution sonore et atmosph\u00e9rique tout en encourageant un mode de vie au ralenti, propice \u00e0 l\u2019observation et \u00e0 la d\u00e9tente.<\/p>\n<h2>Compatibilit\u00e9 avec vos attentes\u202f: confort sans superflu et retour \u00e0 l\u2019essentiel<\/h2>\n<p>Un s\u00e9jour z\u00e9ro carbone, selon nous, doit s\u2019appuyer sur une philosophie du <u>minimalisme choisi<\/u>. Les campings tels que \u00ab\u00a0Le Moulin de David\u00a0\u00bb en Dordogne proposent des h\u00e9bergements fonctionnels, non climatis\u00e9s, sans sur\u00e9quipement num\u00e9rique\u202f: literies naturelles, mobilier artisanal, sanitaires collectifs propres et eau temp\u00e9r\u00e9e par \u00e9nergie solaire. L\u2019accent est mis sur la vie de plein air, les espaces partag\u00e9s et l\u2019absence de divertissements \u00e9nergivores (piscines chauff\u00e9es, \u00e9crans g\u00e9ants\u2026)<\/p>\n<ul>\n<li>\u00c9clairages limit\u00e9s et extinction automatique la nuit pour pr\u00e9server la biodiversit\u00e9 nocturne<\/li>\n<li>\u00c9quipements mutualis\u00e9s\u202f: cuisines partag\u00e9es, barbecue collectif, aire de lavage manuelle<\/li>\n<li>Espaces de d\u00e9tente naturels avec mobilier l\u00e9ger, hamacs, tables de pique-nique en bois local<\/li>\n<\/ul>\n<p><strong>Renouer avec l\u2019essentiel<\/strong>, tirer profit des moments de d\u00e9connexion compl\u00e8te, privil\u00e9gier les \u00e9changes, l\u2019observation du vivant et les activit\u00e9s low-tech, voil\u00e0 l\u2019exp\u00e9rience que nous jugeons pr\u00e9cieuse dans ces \u00e9tablissements exemplaires. Ce confort sobre, loin du superflu, devient la marque d\u2019un s\u00e9jour qui a du sens, et qui laisse une empreinte positive sur le territoire visit\u00e9.<\/p>\n","protected":false},"excerpt":{"rendered":"","protected":false},"author":0,"featured_media":7726,"comment_status":"open","ping_status":"open","sticky":false,"template":"","format":"standard","meta":{"_acf_changed":false,"manual_indexmenow":false,"indexmenow_id_project":0,"footnotes":""},"categories":[1],"tags":[4588,4794,4793],"class_list":["post-7690","post","type-post","status-publish","format-standard","has-post-thumbnail","hentry","category-a-la-une","tag-camping-ecologique","tag-choix-site","tag-zero-carbone","generate-columns","tablet-grid-50","mobile-grid-100","grid-parent","grid-25"],"acf":[],"yoast_head":"<!-- This site is optimized with the Yoast SEO Premium plugin v21.3 (Yoast SEO v27.3) - https:\/\/yoast.com\/product\/yoast-seo-premium-wordpress\/ -->\n<title>Comment s\u00e9lectionner le site id\u00e9al pour organiser un s\u00e9jour camping z\u00e9ro carbone<\/title>\n<meta name=\"description\" content=\"Comment s\u00e9lectionner le site id\u00e9al pour organiser un s\u00e9jour camping z\u00e9ro carboneV\u00e9rifier l\u2019engagement \u00e9cologique r\u00e9el du camping Nous conseillons vivement\" \/>\n<meta name=\"robots\" content=\"index, follow, max-snippet:-1, max-image-preview:large, max-video-preview:-1\" \/>\n<link rel=\"canonical\" href=\"https:\/\/campingpanoramic.fr\/blog\/a-la-une\/comment-selectionner-le-site-ideal-pour-organiser-un-sejour-camping-zero-carbone\/\" \/>\n<meta property=\"og:locale\" content=\"fr_FR\" \/>\n<meta property=\"og:type\" content=\"article\" \/>\n<meta property=\"og:title\" content=\"Comment s\u00e9lectionner le site id\u00e9al pour organiser un s\u00e9jour camping z\u00e9ro carbone\" \/>\n<meta property=\"og:description\" content=\"Comment s\u00e9lectionner le site id\u00e9al pour organiser un s\u00e9jour camping z\u00e9ro carboneV\u00e9rifier l\u2019engagement \u00e9cologique r\u00e9el du camping Nous conseillons vivement\" \/>\n<meta property=\"og:url\" content=\"https:\/\/campingpanoramic.fr\/blog\/a-la-une\/comment-selectionner-le-site-ideal-pour-organiser-un-sejour-camping-zero-carbone\/\" \/>\n<meta property=\"og:site_name\" content=\"campingpanoramic\" \/>\n<meta name=\"twitter:card\" content=\"summary_large_image\" \/>\n<script type=\"application\/ld+json\" class=\"yoast-schema-graph\">{\"@context\":\"https:\\\/\\\/schema.org\",\"@graph\":[{\"@type\":\"NewsArticle\",\"@id\":\"https:\\\/\\\/campingpanoramic.fr\\\/blog\\\/a-la-une\\\/comment-selectionner-le-site-ideal-pour-organiser-un-sejour-camping-zero-carbone\\\/#article\",\"isPartOf\":{\"@id\":\"https:\\\/\\\/campingpanoramic.fr\\\/blog\\\/a-la-une\\\/comment-selectionner-le-site-ideal-pour-organiser-un-sejour-camping-zero-carbone\\\/\"},\"author\":{\"name\":\"\",\"@id\":\"\"},\"headline\":\"Comment s\u00e9lectionner le site id\u00e9al pour organiser un s\u00e9jour camping z\u00e9ro carbone\",\"datePublished\":\"2025-06-14T01:20:26+00:00\",\"mainEntityOfPage\":{\"@id\":\"https:\\\/\\\/campingpanoramic.fr\\\/blog\\\/a-la-une\\\/comment-selectionner-le-site-ideal-pour-organiser-un-sejour-camping-zero-carbone\\\/\"},\"wordCount\":1669,\"commentCount\":0,\"publisher\":{\"@id\":\"https:\\\/\\\/campingpanoramic.fr\\\/blog\\\/#organization\"},\"image\":{\"@id\":\"https:\\\/\\\/campingpanoramic.fr\\\/blog\\\/a-la-une\\\/comment-selectionner-le-site-ideal-pour-organiser-un-sejour-camping-zero-carbone\\\/#primaryimage\"},\"thumbnailUrl\":\"https:\\\/\\\/campingpanoramic.fr\\\/blog\\\/wp-content\\\/uploads\\\/2025\\\/07\\\/sdxl-4b59caeff40fd8d7f97b124fe25929ef-scaled.png\",\"keywords\":[\"Camping \u00c9cologique\",\"choix site\",\"zero carbone\"],\"articleSection\":[\"\u00c0 la une\"],\"inLanguage\":\"fr-FR\",\"potentialAction\":[{\"@type\":\"CommentAction\",\"name\":\"Comment\",\"target\":[\"https:\\\/\\\/campingpanoramic.fr\\\/blog\\\/a-la-une\\\/comment-selectionner-le-site-ideal-pour-organiser-un-sejour-camping-zero-carbone\\\/#respond\"]}]},{\"@type\":\"WebPage\",\"@id\":\"https:\\\/\\\/campingpanoramic.fr\\\/blog\\\/a-la-une\\\/comment-selectionner-le-site-ideal-pour-organiser-un-sejour-camping-zero-carbone\\\/\",\"url\":\"https:\\\/\\\/campingpanoramic.fr\\\/blog\\\/a-la-une\\\/comment-selectionner-le-site-ideal-pour-organiser-un-sejour-camping-zero-carbone\\\/\",\"name\":\"Comment s\u00e9lectionner le site id\u00e9al pour organiser un s\u00e9jour camping z\u00e9ro carbone\",\"isPartOf\":{\"@id\":\"https:\\\/\\\/campingpanoramic.fr\\\/blog\\\/#website\"},\"primaryImageOfPage\":{\"@id\":\"https:\\\/\\\/campingpanoramic.fr\\\/blog\\\/a-la-une\\\/comment-selectionner-le-site-ideal-pour-organiser-un-sejour-camping-zero-carbone\\\/#primaryimage\"},\"image\":{\"@id\":\"https:\\\/\\\/campingpanoramic.fr\\\/blog\\\/a-la-une\\\/comment-selectionner-le-site-ideal-pour-organiser-un-sejour-camping-zero-carbone\\\/#primaryimage\"},\"thumbnailUrl\":\"https:\\\/\\\/campingpanoramic.fr\\\/blog\\\/wp-content\\\/uploads\\\/2025\\\/07\\\/sdxl-4b59caeff40fd8d7f97b124fe25929ef-scaled.png\",\"datePublished\":\"2025-06-14T01:20:26+00:00\",\"description\":\"Comment s\u00e9lectionner le site id\u00e9al pour organiser un s\u00e9jour camping z\u00e9ro carboneV\u00e9rifier l\u2019engagement \u00e9cologique r\u00e9el du camping Nous conseillons vivement\",\"inLanguage\":\"fr-FR\",\"potentialAction\":[{\"@type\":\"ReadAction\",\"target\":[\"https:\\\/\\\/campingpanoramic.fr\\\/blog\\\/a-la-une\\\/comment-selectionner-le-site-ideal-pour-organiser-un-sejour-camping-zero-carbone\\\/\"]}]},{\"@type\":\"ImageObject\",\"inLanguage\":\"fr-FR\",\"@id\":\"https:\\\/\\\/campingpanoramic.fr\\\/blog\\\/a-la-une\\\/comment-selectionner-le-site-ideal-pour-organiser-un-sejour-camping-zero-carbone\\\/#primaryimage\",\"url\":\"https:\\\/\\\/campingpanoramic.fr\\\/blog\\\/wp-content\\\/uploads\\\/2025\\\/07\\\/sdxl-4b59caeff40fd8d7f97b124fe25929ef-scaled.png\",\"contentUrl\":\"https:\\\/\\\/campingpanoramic.fr\\\/blog\\\/wp-content\\\/uploads\\\/2025\\\/07\\\/sdxl-4b59caeff40fd8d7f97b124fe25929ef-scaled.png\",\"width\":1200,\"height\":500},{\"@type\":\"WebSite\",\"@id\":\"https:\\\/\\\/campingpanoramic.fr\\\/blog\\\/#website\",\"url\":\"https:\\\/\\\/campingpanoramic.fr\\\/blog\\\/\",\"name\":\"campingpanoramic.fr\",\"description\":\"Votre escapade panoramique vous attend.\",\"publisher\":{\"@id\":\"https:\\\/\\\/campingpanoramic.fr\\\/blog\\\/#organization\"},\"alternateName\":\"Votre escapade panoramique vous attend.\",\"potentialAction\":[{\"@type\":\"SearchAction\",\"target\":{\"@type\":\"EntryPoint\",\"urlTemplate\":\"https:\\\/\\\/campingpanoramic.fr\\\/blog\\\/?s={search_term_string}\"},\"query-input\":{\"@type\":\"PropertyValueSpecification\",\"valueRequired\":true,\"valueName\":\"search_term_string\"}}],\"inLanguage\":\"fr-FR\"},{\"@type\":\"Organization\",\"@id\":\"https:\\\/\\\/campingpanoramic.fr\\\/blog\\\/#organization\",\"name\":\"Foretsensations.fr\",\"url\":\"https:\\\/\\\/campingpanoramic.fr\\\/blog\\\/\",\"logo\":{\"@type\":\"ImageObject\",\"inLanguage\":\"fr-FR\",\"@id\":\"https:\\\/\\\/campingpanoramic.fr\\\/blog\\\/#\\\/schema\\\/logo\\\/image\\\/\",\"url\":\"https:\\\/\\\/campingpanoramic.fr\\\/blog\\\/wp-content\\\/uploads\\\/2024\\\/12\\\/Campingpanoramic.png\",\"contentUrl\":\"https:\\\/\\\/campingpanoramic.fr\\\/blog\\\/wp-content\\\/uploads\\\/2024\\\/12\\\/Campingpanoramic.png\",\"width\":500,\"height\":500,\"caption\":\"Foretsensations.fr\"},\"image\":{\"@id\":\"https:\\\/\\\/campingpanoramic.fr\\\/blog\\\/#\\\/schema\\\/logo\\\/image\\\/\"}}]}<\/script>\n<!-- \/ Yoast SEO Premium plugin. -->","yoast_head_json":{"title":"Comment s\u00e9lectionner le site id\u00e9al pour organiser un s\u00e9jour camping z\u00e9ro carbone","description":"Comment s\u00e9lectionner le site id\u00e9al pour organiser un s\u00e9jour camping z\u00e9ro carboneV\u00e9rifier l\u2019engagement \u00e9cologique r\u00e9el du camping Nous conseillons vivement","robots":{"index":"index","follow":"follow","max-snippet":"max-snippet:-1","max-image-preview":"max-image-preview:large","max-video-preview":"max-video-preview:-1"},"canonical":"https:\/\/campingpanoramic.fr\/blog\/a-la-une\/comment-selectionner-le-site-ideal-pour-organiser-un-sejour-camping-zero-carbone\/","og_locale":"fr_FR","og_type":"article","og_title":"Comment s\u00e9lectionner le site id\u00e9al pour organiser un s\u00e9jour camping z\u00e9ro carbone","og_description":"Comment s\u00e9lectionner le site id\u00e9al pour organiser un s\u00e9jour camping z\u00e9ro carboneV\u00e9rifier l\u2019engagement \u00e9cologique r\u00e9el du camping Nous conseillons vivement","og_url":"https:\/\/campingpanoramic.fr\/blog\/a-la-une\/comment-selectionner-le-site-ideal-pour-organiser-un-sejour-camping-zero-carbone\/","og_site_name":"campingpanoramic","twitter_card":"summary_large_image","schema":{"@context":"https:\/\/schema.org","@graph":[{"@type":"NewsArticle","@id":"https:\/\/campingpanoramic.fr\/blog\/a-la-une\/comment-selectionner-le-site-ideal-pour-organiser-un-sejour-camping-zero-carbone\/#article","isPartOf":{"@id":"https:\/\/campingpanoramic.fr\/blog\/a-la-une\/comment-selectionner-le-site-ideal-pour-organiser-un-sejour-camping-zero-carbone\/"},"author":{"name":"","@id":""},"headline":"Comment s\u00e9lectionner le site id\u00e9al pour organiser un s\u00e9jour camping z\u00e9ro carbone","datePublished":"2025-06-14T01:20:26+00:00","mainEntityOfPage":{"@id":"https:\/\/campingpanoramic.fr\/blog\/a-la-une\/comment-selectionner-le-site-ideal-pour-organiser-un-sejour-camping-zero-carbone\/"},"wordCount":1669,"commentCount":0,"publisher":{"@id":"https:\/\/campingpanoramic.fr\/blog\/#organization"},"image":{"@id":"https:\/\/campingpanoramic.fr\/blog\/a-la-une\/comment-selectionner-le-site-ideal-pour-organiser-un-sejour-camping-zero-carbone\/#primaryimage"},"thumbnailUrl":"https:\/\/campingpanoramic.fr\/blog\/wp-content\/uploads\/2025\/07\/sdxl-4b59caeff40fd8d7f97b124fe25929ef-scaled.png","keywords":["Camping \u00c9cologique","choix site","zero carbone"],"articleSection":["\u00c0 la une"],"inLanguage":"fr-FR","potentialAction":[{"@type":"CommentAction","name":"Comment","target":["https:\/\/campingpanoramic.fr\/blog\/a-la-une\/comment-selectionner-le-site-ideal-pour-organiser-un-sejour-camping-zero-carbone\/#respond"]}]},{"@type":"WebPage","@id":"https:\/\/campingpanoramic.fr\/blog\/a-la-une\/comment-selectionner-le-site-ideal-pour-organiser-un-sejour-camping-zero-carbone\/","url":"https:\/\/campingpanoramic.fr\/blog\/a-la-une\/comment-selectionner-le-site-ideal-pour-organiser-un-sejour-camping-zero-carbone\/","name":"Comment s\u00e9lectionner le site id\u00e9al pour organiser un s\u00e9jour camping z\u00e9ro carbone","isPartOf":{"@id":"https:\/\/campingpanoramic.fr\/blog\/#website"},"primaryImageOfPage":{"@id":"https:\/\/campingpanoramic.fr\/blog\/a-la-une\/comment-selectionner-le-site-ideal-pour-organiser-un-sejour-camping-zero-carbone\/#primaryimage"},"image":{"@id":"https:\/\/campingpanoramic.fr\/blog\/a-la-une\/comment-selectionner-le-site-ideal-pour-organiser-un-sejour-camping-zero-carbone\/#primaryimage"},"thumbnailUrl":"https:\/\/campingpanoramic.fr\/blog\/wp-content\/uploads\/2025\/07\/sdxl-4b59caeff40fd8d7f97b124fe25929ef-scaled.png","datePublished":"2025-06-14T01:20:26+00:00","description":"Comment s\u00e9lectionner le site id\u00e9al pour organiser un s\u00e9jour camping z\u00e9ro carboneV\u00e9rifier l\u2019engagement \u00e9cologique r\u00e9el du camping Nous conseillons vivement","inLanguage":"fr-FR","potentialAction":[{"@type":"ReadAction","target":["https:\/\/campingpanoramic.fr\/blog\/a-la-une\/comment-selectionner-le-site-ideal-pour-organiser-un-sejour-camping-zero-carbone\/"]}]},{"@type":"ImageObject","inLanguage":"fr-FR","@id":"https:\/\/campingpanoramic.fr\/blog\/a-la-une\/comment-selectionner-le-site-ideal-pour-organiser-un-sejour-camping-zero-carbone\/#primaryimage","url":"https:\/\/campingpanoramic.fr\/blog\/wp-content\/uploads\/2025\/07\/sdxl-4b59caeff40fd8d7f97b124fe25929ef-scaled.png","contentUrl":"https:\/\/campingpanoramic.fr\/blog\/wp-content\/uploads\/2025\/07\/sdxl-4b59caeff40fd8d7f97b124fe25929ef-scaled.png","width":1200,"height":500},{"@type":"WebSite","@id":"https:\/\/campingpanoramic.fr\/blog\/#website","url":"https:\/\/campingpanoramic.fr\/blog\/","name":"campingpanoramic.fr","description":"Votre escapade panoramique vous attend.","publisher":{"@id":"https:\/\/campingpanoramic.fr\/blog\/#organization"},"alternateName":"Votre escapade panoramique vous attend.","potentialAction":[{"@type":"SearchAction","target":{"@type":"EntryPoint","urlTemplate":"https:\/\/campingpanoramic.fr\/blog\/?s={search_term_string}"},"query-input":{"@type":"PropertyValueSpecification","valueRequired":true,"valueName":"search_term_string"}}],"inLanguage":"fr-FR"},{"@type":"Organization","@id":"https:\/\/campingpanoramic.fr\/blog\/#organization","name":"Foretsensations.fr","url":"https:\/\/campingpanoramic.fr\/blog\/","logo":{"@type":"ImageObject","inLanguage":"fr-FR","@id":"https:\/\/campingpanoramic.fr\/blog\/#\/schema\/logo\/image\/","url":"https:\/\/campingpanoramic.fr\/blog\/wp-content\/uploads\/2024\/12\/Campingpanoramic.png","contentUrl":"https:\/\/campingpanoramic.fr\/blog\/wp-content\/uploads\/2024\/12\/Campingpanoramic.png","width":500,"height":500,"caption":"Foretsensations.fr"},"image":{"@id":"https:\/\/campingpanoramic.fr\/blog\/#\/schema\/logo\/image\/"}}]}},"_links":{"self":[{"href":"https:\/\/campingpanoramic.fr\/blog\/wp-json\/wp\/v2\/posts\/7690","targetHints":{"allow":["GET"]}}],"collection":[{"href":"https:\/\/campingpanoramic.fr\/blog\/wp-json\/wp\/v2\/posts"}],"about":[{"href":"https:\/\/campingpanoramic.fr\/blog\/wp-json\/wp\/v2\/types\/post"}],"replies":[{"embeddable":true,"href":"https:\/\/campingpanoramic.fr\/blog\/wp-json\/wp\/v2\/comments?post=7690"}],"version-history":[{"count":0,"href":"https:\/\/campingpanoramic.fr\/blog\/wp-json\/wp\/v2\/posts\/7690\/revisions"}],"wp:featuredmedia":[{"embeddable":true,"href":"https:\/\/campingpanoramic.fr\/blog\/wp-json\/wp\/v2\/media\/7726"}],"wp:attachment":[{"href":"https:\/\/campingpanoramic.fr\/blog\/wp-json\/wp\/v2\/media?parent=7690"}],"wp:term":[{"taxonomy":"category","embeddable":true,"href":"https:\/\/campingpanoramic.fr\/blog\/wp-json\/wp\/v2\/categories?post=7690"},{"taxonomy":"post_tag","embeddable":true,"href":"https:\/\/campingpanoramic.fr\/blog\/wp-json\/wp\/v2\/tags?post=7690"}],"curies":[{"name":"wp","href":"https:\/\/api.w.org\/{rel}","templated":true}]}}