{"id":7634,"date":"2025-06-14T02:53:22","date_gmt":"2025-06-14T00:53:22","guid":{"rendered":"https:\/\/campingpanoramic.fr\/blog\/a-la-une\/ou-louer-du-materiel-de-camping-a-la-journee-pour-une-aventure-sans-contrainte\/"},"modified":"2025-06-14T02:53:22","modified_gmt":"2025-06-14T00:53:22","slug":"ou-louer-du-materiel-de-camping-a-la-journee-pour-une-aventure-sans-contrainte","status":"publish","type":"post","link":"https:\/\/campingpanoramic.fr\/blog\/a-la-une\/ou-louer-du-materiel-de-camping-a-la-journee-pour-une-aventure-sans-contrainte\/","title":{"rendered":"O\u00f9 louer du mat\u00e9riel de camping \u00e0 la journ\u00e9e pour une aventure sans contrainte"},"content":{"rendered":"<h1>O\u00f9 louer du mat\u00e9riel de camping \u00e0 la journ\u00e9e pour une aventure sans contrainte<\/h1>\n<h2>Prestataires sp\u00e9cialis\u00e9s en location de tentes et packs camping<\/h2>\n<p>Les plateformes de location sp\u00e9cialis\u00e9es ont r\u00e9volutionn\u00e9 la logistique des s\u00e9jours en ext\u00e9rieur, en proposant une vaste gamme de <strong>tentes techniques<\/strong>, de diff\u00e9rents volumes et configurations, livr\u00e9es selon vos besoins. Que l\u2019on pr\u00e9pare une sortie en duo, une excursion familiale ou une vir\u00e9e festivali\u00e8re, il existe aujourd\u2019hui des solutions cl\u00e9 en main adapt\u00e9es \u00e0 chaque profil d\u2019utilisateur.<\/p>\n<ul>\n<li>La soci\u00e9t\u00e9 <strong>Orentees<\/strong> met \u00e0 disposition des tentes 2 \u00e0 6 places aux caract\u00e9ristiques techniques robustes : <strong>montage rapide, r\u00e9sistance au vent, mat\u00e9riaux imperm\u00e9ables<\/strong>. En 2024, elle a renforc\u00e9 son catalogue avec des mod\u00e8les adapt\u00e9s pour la montagne, la for\u00eat ou le bord de mer. La livraison est propos\u00e9e \u00e0 domicile, en point relais, ou directement sur le lieu de vacances, avec retour facile gr\u00e2ce \u00e0 un syst\u00e8me de colis pr\u00e9pay\u00e9.<\/li>\n<li><strong>Louez-une-tente.com<\/strong> propose deux formules <strong>pr\u00eat \u00e0 camper<\/strong>, incluant une tente gonflable, matelas, duvets, lampes, et n\u00e9cessaire de cuisine. Cette solution s\u00e9duit particuli\u00e8rement les familles et les groupes d\u2019amis d\u00e9sireux de tout recevoir en un seul pack. En 2023, l\u2019entreprise a \u00e9largi sa gamme pour inclure des packs tout-en-un pour festivals, renfor\u00e7ant la praticit\u00e9 et la simplicit\u00e9 logistique.<\/li>\n<li>Les packs camping personnalis\u00e9s permettent de moduler son \u00e9quipement selon le nombre de personnes et le niveau de confort souhait\u00e9. \u00c0 titre d\u2019exemple, un pack pour quatre personnes inclut souvent une tente familiale d\u00f4me, matelas doubles, sacs de couchage adapt\u00e9s \u00e0 la saison, et accessoires de rangement.<\/li>\n<\/ul>\n<p><u>La location via des sp\u00e9cialistes offre nombre d\u2019avantages<\/u> : le mat\u00e9riel arrive entretenu, pr\u00eat \u00e0 l\u2019emploi, et correspond aux normes r\u00e9centes du secteur. Le fait de pouvoir choisir pr\u00e9cis\u00e9ment le mod\u00e8le de tente ou le pack d\u2019accessoires selon l\u2019environnement pr\u00e9vu (plage, montagne, camping amorc\u00e9) r\u00e9duit consid\u00e9rablement le risque de m\u00e9saventure ou d\u2019inconfort nocturne. Selon notre exp\u00e9rience, opter pour un pack cl\u00e9 en main lorsque l\u2019on part en groupe ou avec des enfants simplifie consid\u00e9rablement la pr\u00e9paration du s\u00e9jour.<\/p>\n<h2>R\u00e9seaux d\u2019enseignes de sport pour la location de courte dur\u00e9e<\/h2>\n<p>Les grandes cha\u00eenes d\u2019articles de sport s\u2019illustrent aujourd\u2019hui par leur offre de location \u00e0 la journ\u00e9e, une option tr\u00e8s appr\u00e9ci\u00e9e des campeurs occasionnels ou des curieux qui souhaitent tester du mat\u00e9riel avant de s\u2019\u00e9quiper. Cette flexibilit\u00e9 d\u2019acc\u00e8s permet de r\u00e9pondre \u00e0 l\u2019impr\u00e9vu ou de s\u2019adapter en fonction de la m\u00e9t\u00e9o, tout en b\u00e9n\u00e9ficiant d\u2019un tarif attractif.<\/p>\n<ul>\n<li><strong>Decathlon Location<\/strong> propose la r\u00e9servation en ligne et le retrait rapide en magasin sur une vaste gamme\u202f: tentes tunnel, tentes d\u00f4me, matelas autogonflants, sacs de couchage grand froid, r\u00e9chauds, tables et chaises pliantes. En 2024, l\u2019enseigne a renforc\u00e9 sa logistique afin de permettre des retraits sous 2h, couvrant m\u00eame les p\u00e9riodes \u00e0 forte affluence comme la saison des festivals ou les longs week-ends f\u00e9ri\u00e9s.<\/li>\n<li>La tarification \u00e0 la journ\u00e9e, souvent d\u00e9gressive au fil des jours, permet de ne payer que pour la dur\u00e9e r\u00e9elle d\u2019utilisation. Les campeurs appr\u00e9cient de <u>pouvoir restituer ou prolonger leur mat\u00e9riel selon l\u2019\u00e9volution de leur s\u00e9jour<\/u>.<\/li>\n<li>Cette approche est id\u00e9ale pour ceux qui exp\u00e9rimentent diff\u00e9rents types d\u2019aventure : camping classique, randonn\u00e9e l\u00e9g\u00e8re, micro-aventures urbaines.<\/li>\n<\/ul>\n<p>Notre avis\u202f: recourir aux r\u00e9seaux sp\u00e9cialis\u00e9s en sport est une valeur s\u00fbre pour qui souhaite tester plusieurs configurations, comparer l\u2019ergonomie des mod\u00e8les, ou b\u00e9n\u00e9ficier des conseils d\u2019experts en magasin. Le <strong>service apr\u00e8s-vente<\/strong> et l\u2019interchangeabilit\u00e9 rapide de l\u2019\u00e9quipement garantissent une exp\u00e9rience fluide, m\u00eame en cas de probl\u00e8me sur le mat\u00e9riel lou\u00e9.<\/p>\n<h2>Location de mat\u00e9riel de bivouac et \u00e9quipements sp\u00e9cialis\u00e9s<\/h2>\n<p>Le d\u00e9veloppement des pratiques de <strong>bivouac, trekking et micro-aventure<\/strong> a suscit\u00e9 l\u2019\u00e9mergence de boutiques sp\u00e9cialis\u00e9es dans la location de mat\u00e9riel technique, orient\u00e9es vers la performance et la compacit\u00e9. Ces enseignes s\u2019adressent aux randonneurs exigeants, aux cyclistes nomades ou aux grimpeurs, pour qui chaque gramme compte.<\/p>\n<ul>\n<li>La plateforme <strong>Plan\u00e8te Rando<\/strong> met l\u2019accent sur la <strong>location de packs outdoor<\/strong> adapt\u00e9s \u00e0 la randonn\u00e9e itin\u00e9rante\u202f: tentes ultra-l\u00e9g\u00e8res, sacs de couchage compact\u00e9s, matelas gonflables, popotes en titane, filtres \u00e0 eau, sacoches bikepacking. Depuis 2023, ce loueur propose l\u2019option \u00ab\u202ftester avant d\u2019acheter\u202f\u00bb\u202f: \u00e0 l\u2019issue de la location, il est possible d\u2019acqu\u00e9rir le mat\u00e9riel \u00e0 tarif pr\u00e9f\u00e9rentiel si celui-ci a pleinement convaincu.<\/li>\n<li>Les \u00e9quipements de <strong>bivouac<\/strong> haut de gamme, r\u00e9cents et souvent issus des marques reconnues (MSR, Therm-a-Rest, Sea to Summit), r\u00e9pondent \u00e0 des besoins pr\u00e9cis : <u>l\u00e9g\u00e8ret\u00e9, r\u00e9sistance accrue, compacit\u00e9 maximale<\/u>. La location \u00e0 la journ\u00e9e int\u00e9resse particuli\u00e8rement les adeptes de randonn\u00e9es itin\u00e9rantes de quelques jours ou les comp\u00e9titeurs en ultra-trail.<\/li>\n<li>L\u2019offre de seconde main, en plein essor depuis 2024, combine \u00e9conomie et d\u00e9marche \u00e9co-responsable\u202f: plusieurs boutiques permettent d\u00e9sormais de r\u00e9server du mat\u00e9riel de location reconditionn\u00e9, test\u00e9 et garanti, limitant ainsi l\u2019impact \u00e9cologique li\u00e9 \u00e0 la production neuve.<\/li>\n<\/ul>\n<p>Nous conseillons \u00e0 tous les amateurs d\u2019aventure engag\u00e9e de consulter en d\u00e9tail la fiche technique de chaque \u00e9quipement lou\u00e9\u202f: <strong>poids, mat\u00e9riaux, temp\u00e9rature de confort, syst\u00e8me de montage<\/strong>. Cette attention garantit une exp\u00e9rience s\u00e9curis\u00e9e, sans compromis sur la performance.<\/p>\n<h2>Livraison, r\u00e9cup\u00e9ration et flexibilit\u00e9 pour une organisation simplifi\u00e9e<\/h2>\n<p>La logistique de la location de mat\u00e9riel de camping s\u2019est nettement modernis\u00e9e ces derni\u00e8res ann\u00e9es, abolissant bien des contraintes pour les aventuriers en qu\u00eate de souplesse. La majorit\u00e9 des loueurs privil\u00e9gient des solutions de livraison et de retour extr\u00eamement simples, contribuant \u00e0 une organisation sans stress.<\/p>\n<ul>\n<li>Les acteurs sp\u00e9cialis\u00e9s comme <strong>Orentees<\/strong> et <strong>Louez-une-tente.com<\/strong> proposent la livraison express \u00e0 domicile ou en point relais, partout en France, voire sur le lieu de s\u00e9jour. Lors d\u2019un festival en 2023, la livraison des packs \u00ab\u202fpr\u00eat \u00e0 camper\u202f\u00bb \u00e0 l\u2019entr\u00e9e du site a \u00e9t\u00e9 pl\u00e9biscit\u00e9e par les participants pour sa praticit\u00e9.<\/li>\n<li>Le retour du mat\u00e9riel est simplifi\u00e9\u202f: \u00e9tiquette pr\u00e9pay\u00e9e fournie, d\u00e9p\u00f4t en point relais, ou collecte \u00e0 domicile. Certains prestataires offrent le retour gratuit, ce qui r\u00e9duit le temps pass\u00e9 \u00e0 g\u00e9rer la logistique et favorise la spontan\u00e9it\u00e9 du s\u00e9jour.<\/li>\n<li>La location \u00e0 la journ\u00e9e optimise le budget\u202f: le montant pay\u00e9 correspond uniquement \u00e0 la p\u00e9riode d\u2019utilisation r\u00e9elle, sans frais cach\u00e9s, ce qui se r\u00e9v\u00e8le parfaitement adapt\u00e9 aux s\u00e9jours courts ou improvis\u00e9s.<\/li>\n<li>Le stockage hors saison n\u2019est plus un souci, \u00e9vitant l\u2019encombrement de votre domicile.<\/li>\n<li>La d\u00e9marche s\u2019inscrit dans une logique de r\u00e9duction de la surconsommation\u202f: chaque pi\u00e8ce de mat\u00e9riel conna\u00eet plusieurs vies, limitant l\u2019impact environnemental de la fabrication neuve.<\/li>\n<\/ul>\n<p>Opter pour la livraison personnalis\u00e9e ou sur le site m\u00eame de la randonn\u00e9e optimise la logistique, surtout pour les groupes ou familles. Cette flexibilit\u00e9 encourage les pratiques outdoor toutes saisons, sans barri\u00e8re mat\u00e9rielle ni tracas de transport.<\/p>\n<h2>Crit\u00e8res pour bien choisir son \u00e9quipement en location<\/h2>\n<p>La r\u00e9ussite d\u2019un s\u00e9jour en camping ou en bivouac d\u00e9pend grandement de la pertinence des \u00e9quipements lou\u00e9s. Avant toute r\u00e9servation, une \u00e9valuation pr\u00e9cise de vos besoins s\u2019impose afin de garantir confort, s\u00e9curit\u00e9 et plaisir tout au long de l\u2019aventure.<\/p>\n<ul>\n<li><u>D\u00e9finir le type de s\u00e9jour :<\/u> week-end en famille, randonn\u00e9e itin\u00e9rante, festival, exp\u00e9dition solitaire. Le format et la dur\u00e9e d\u00e9terminent le choix entre tente spacieuse ou abri ultral\u00e9ger, pack complet ou modules s\u00e9par\u00e9s.<\/li>\n<li>\u00c9valuer la m\u00e9t\u00e9o attendue et l&rsquo;environnement\u202f: en montagne, une tente quatre saisons et un sac de couchage grand froid seront incontournables\u202f; sur la c\u00f4te, priorit\u00e9 \u00e0 la ventilation et \u00e0 la r\u00e9sistance au vent.<\/li>\n<li><u>V\u00e9rifier les caract\u00e9ristiques techniques<\/u> des \u00e9quipements propos\u00e9s\u202f: robustesse des arceaux, imperm\u00e9abilit\u00e9 du double toit (exprim\u00e9e en mm de colonne d\u2019eau), facilit\u00e9 de montage, volume de rangement.<\/li>\n<li>Privil\u00e9gier les loueurs qui offrent des packs personnalisables et des options accessibles (ajout de tapis de sol, moustiquaires, accessoires de confort).<\/li>\n<li>Comparer les offres\u202f: la clart\u00e9 des conditions de location, la r\u00e9activit\u00e9 du service client, et la possibilit\u00e9 de consulter les avis utilisateurs contribuent \u00e0 une s\u00e9lection \u00e9clair\u00e9e.<\/li>\n<\/ul>\n<p>En 2024, la possibilit\u00e9 de mixer <strong>\u00e9quipements de location neufs, reconditionn\u00e9s et accessoires sur mesure<\/strong> permet d\u2019adapter pr\u00e9cis\u00e9ment son mat\u00e9riel \u00e0 chaque type de s\u00e9jour. Nous recommandons de contacter le prestataire afin de v\u00e9rifier la compatibilit\u00e9 des \u00e9l\u00e9ments choisis, notamment si l\u2019on combine plusieurs packs ou accessoires.<\/p>\n<h2>Comparatif des solutions de location : table des offres et services<\/h2>\n<p>Pour visualiser rapidement les diff\u00e9rences entre les principaux acteurs, voici un r\u00e9capitulatif des offres de location \u00e0 la journ\u00e9e, fond\u00e9 sur des cas r\u00e9els recens\u00e9s en 2024\u202f:<\/p>\n<table border=\"1\" cellpadding=\"6\" cellspacing=\"0\">\n<tr>\n<th>Prestataire<\/th>\n<th>Types de produits<\/th>\n<th>Modalit\u00e9s de livraison<\/th>\n<th>Tarification \u00e0 la journ\u00e9e<\/th>\n<th>Options incluses<\/th>\n<th>Avantages majeurs<\/th>\n<\/tr>\n<tr>\n<td><strong>Orentees<\/strong><\/td>\n<td>Tentes 2-6 places, packs famille<\/td>\n<td>Domicile, relais, lieu de s\u00e9jour<\/td>\n<td>\u00c0 partir de 25\u202f\u20ac<\/td>\n<td>Matelas, duvets, accessoires<\/td>\n<td>Mat\u00e9riel robuste, retour gratuit, offre personnalisable<\/td>\n<\/tr>\n<tr>\n<td><strong>Louez-une-tente.com<\/strong><\/td>\n<td>Packs \u00ab\u202fpr\u00eat \u00e0 camper\u202f\u00bb<\/td>\n<td>Domicile, site \u00e9v\u00e9nementiel<\/td>\n<td>Variable selon saison<\/td>\n<td>Cuisine, literie, mobilier<\/td>\n<td>Solution cl\u00e9 en main tout inclus<\/td>\n<\/tr>\n<tr>\n<td><strong>Decathlon<\/strong><\/td>\n<td>Tentes, matelas, sacs de couchage<\/td>\n<td>Retrait magasin<\/td>\n<td>Tarifs comp\u00e9titifs<\/td>\n<td>Large choix, service flexible<\/td>\n<td>Conseils experts, accessibilit\u00e9 nationale<\/td>\n<\/tr>\n<tr>\n<td><strong>Plan\u00e8te Rando<\/strong><\/td>\n<td>Packs trekking, bivouac, bikepacking<\/td>\n<td>Domicile, relais<\/td>\n<td>\u00c0 partir de 15\u202f\u20ac<\/td>\n<td>Mat\u00e9riel technique ultral\u00e9ger<\/td>\n<td>Essai avant achat, option seconde main<\/td>\n<\/tr>\n<\/table>\n<p>Ce tableau met en avant la diversit\u00e9 des offres, tant au niveau du type d\u2019\u00e9quipement qu\u2019en termes de modalit\u00e9s de livraison et de personnalisation. Nous appr\u00e9cions particuli\u00e8rement la possibilit\u00e9 de composer son pack selon le nombre de campeurs et le niveau de technicit\u00e9 souhait\u00e9, sans engagement sur le long terme.<\/p>\n<h2>\u00c9co-responsabilit\u00e9 et innovation dans la location de mat\u00e9riel de camping<\/h2>\n<p>Le secteur de la location de mat\u00e9riel de camping s\u2019inscrit d\u00e9sormais dans une dynamique de <strong>d\u00e9veloppement durable<\/strong>. Les prestataires mettent l\u2019accent sur la valorisation du mat\u00e9riel, sa rotation rapide, ainsi que la limitation de l\u2019empreinte carbone li\u00e9e \u00e0 l\u2019achat massif de biens de consommation ponctuels.<\/p>\n<ul>\n<li>En 2024, une majorit\u00e9 de loueurs proposent des \u00e9quipements r\u00e9vis\u00e9s, nettoy\u00e9s et reconditionn\u00e9s \u00e0 chaque location. Cette d\u00e9marche assure une <u>exp\u00e9rience s\u00fbre et hygi\u00e9nique<\/u>, tout en limitant le gaspillage.<\/li>\n<li>La location contribue \u00e0 une <strong>meilleure gestion des ressources<\/strong>\u202f: un m\u00eame \u00e9quipement sert \u00e0 plusieurs familles ou groupes au fil de la saison, limitant la surproduction.<\/li>\n<li>L\u2019option d\u2019achat apr\u00e8s essai, en plein essor, permet de faire un choix \u00e9clair\u00e9 et d\u2019acqu\u00e9rir uniquement du mat\u00e9riel r\u00e9ellement adapt\u00e9 \u00e0 ses besoins, \u00e9vitant l\u2019accumulation inutile.<\/li>\n<li>Certaines entreprises s\u2019engagent m\u00eame sur des d\u00e9marches responsables, telles que l\u2019usage d\u2019emballages recycl\u00e9s ou la compensation carbone li\u00e9e \u00e0 la logistique.<\/li>\n<\/ul>\n<p>Nous recommandons d\u2019orienter le choix vers des acteurs engag\u00e9s et transparents quant \u00e0 l\u2019origine et au mode d\u2019entretien de leur mat\u00e9riel. Cette d\u00e9marche permet de soutenir une pratique du camping plus respectueuse de l\u2019environnement, sans rogner sur la qualit\u00e9 ou le confort.<\/p>\n<h2>Conseils pratiques pour optimiser sa location \u00e0 la journ\u00e9e<\/h2>\n<p>Pour garantir une exp\u00e9rience sans mauvaise surprise, quelques astuces simples permettent d\u2019optimiser la location de mat\u00e9riel de camping \u00e0 la journ\u00e9e :<\/p>\n<ul>\n<li><u>Anticipez la r\u00e9servation<\/u> en p\u00e9riode de forte demande, comme l\u2019\u00e9t\u00e9 ou les longs week-ends, afin de garantir la disponibilit\u00e9 du mod\u00e8le souhait\u00e9.<\/li>\n<li>V\u00e9rifiez l\u2019\u00e9tat du mat\u00e9riel \u00e0 la r\u00e9ception (fermetures \u00e9clair, arceaux, coutures, accessoires fournis), et signalez tout d\u00e9faut imm\u00e9diatement afin de faciliter un \u00e9change rapide le cas \u00e9ch\u00e9ant.<\/li>\n<li>Prenez le temps de tester le montage de la tente ou l\u2019utilisation des accessoires chez vous avant le d\u00e9part, surtout s\u2019il s\u2019agit d\u2019un mod\u00e8le technique ou d\u2019une premi\u00e8re exp\u00e9rience.<\/li>\n<li>Optez pour la livraison sur le lieu de s\u00e9jour si la logistique de transport vous semble contraignante, en particulier pour les grandes familles ou lors de d\u00e9placements non motoris\u00e9s.<\/li>\n<li><u>Profitez des avis clients<\/u> et retours d\u2019exp\u00e9rience disponibles sur les sites des prestataires afin d\u2019affiner votre choix et d\u2019anticiper d\u2019\u00e9ventuelles contraintes sp\u00e9cifiques \u00e0 certains mod\u00e8les.<\/li>\n<\/ul>\n<p>L\u2019ensemble de ces bonnes pratiques contribue \u00e0 une aventure sereine, o\u00f9 l\u2019aspect mat\u00e9riel s\u2019efface devant le plaisir de la nature et la d\u00e9couverte.<\/p>\n<h2>Perspectives d&rsquo;\u00e9volution du march\u00e9 de la location de mat\u00e9riel de camping<\/h2>\n<p>Le march\u00e9 de la location \u00e0 la journ\u00e9e poursuit sa croissance, port\u00e9 par l\u2019engouement pour le tourisme durable, les voyages minimalistes, et la d\u00e9couverte de nouveaux formats d\u2019aventure. Les innovations r\u00e9centes favorisent l\u2019essor de solutions toujours plus flexibles et personnalis\u00e9es, r\u00e9pondant aux attentes vari\u00e9es des campeurs d\u2019aujourd\u2019hui.<\/p>\n<ul>\n<li>En 2025, la tendance est \u00e0 la <strong>location sur mesure<\/strong> avec modules compl\u00e9mentaires\u202f: mini-frigos solaires, \u00e9clairages LED haute autonomie, tentes panoramiques, mobilier outdoor design.<\/li>\n<li>La digitalisation des services simplifie la r\u00e9servation, le suivi et la gestion du mat\u00e9riel, au b\u00e9n\u00e9fice d\u2019une exp\u00e9rience client optimis\u00e9e.<\/li>\n<li>L\u2019arriv\u00e9e de prestataires locaux, \u00e0 l\u2019\u00e9chelle r\u00e9gionale ou d\u00e9partementale, rapproche l\u2019offre des lieux de pratique et encourage la cr\u00e9ation d\u2019une \u00e9conomie de partage territoriale.<\/li>\n<li>L\u2019int\u00e9gration d\u2019assurances d\u00e9di\u00e9es permet de couvrir les impr\u00e9vus (casse, perte, intemp\u00e9ries) pour une tranquillit\u00e9 compl\u00e8te.<\/li>\n<li>Les collaborations entre organisateurs d\u2019\u00e9v\u00e9nements sportifs, festivals nature et loueurs de mat\u00e9riel rendent les s\u00e9jours en plein air accessibles \u00e0 tous, quel que soit le niveau ou le budget.<\/li>\n<\/ul>\n<p>Nous assistons \u00e0 une d\u00e9mocratisation des micro-aventures, port\u00e9e par la simplicit\u00e9 d\u2019acc\u00e8s aux \u00e9quipements et la diversification des offres. La location \u00e0 la journ\u00e9e s\u2019impose comme une solution incontournable pour conjuguer libert\u00e9, confort, \u00e9conomie et respect de l\u2019environnement.<\/p>\n<h2>Conclusion\u202f: l\u2019art de partir l\u00e9ger et serein<\/h2>\n<p>La location de mat\u00e9riel de camping \u00e0 la journ\u00e9e repr\u00e9sente une <strong>opportunit\u00e9 unique de vivre la nature sans contrainte<\/strong>, en s\u2019\u00e9quipant uniquement le temps n\u00e9cessaire, sans surcharge ni d\u00e9pense superflue. Gr\u00e2ce aux progr\u00e8s logistiques, \u00e0 la personnalisation croissante des offres et au souci d\u2019\u00e9co-responsabilit\u00e9 des prestataires, il n\u2019a jamais \u00e9t\u00e9 aussi simple de pr\u00e9parerune escapade sur-mesure, que vous soyez campeur d\u00e9butant ou explorateur chevronn\u00e9.<\/p>\n<p><u>Savoir identifier ses besoins, comparer les prestataires, v\u00e9rifier la qualit\u00e9 du mat\u00e9riel<\/u>, et profiter des nouvelles solutions de livraison et de retour simplifi\u00e9s, garantit une exp\u00e9rience en plein air lib\u00e9r\u00e9e des tracas mat\u00e9riels. Face aux enjeux actuels de surconsommation et de recherche d\u2019authenticit\u00e9, la location quotidienne s\u2019affirme comme une r\u00e9ponse moderne, responsable et conviviale \u00e0 l\u2019appel de l\u2019aventure.<\/p>\n","protected":false},"excerpt":{"rendered":"","protected":false},"author":34,"featured_media":7797,"comment_status":"open","ping_status":"open","sticky":false,"template":"","format":"standard","meta":{"_acf_changed":false,"manual_indexmenow":false,"indexmenow_id_project":0,"footnotes":""},"categories":[1],"tags":[4705,4707,4706],"class_list":["post-7634","post","type-post","status-publish","format-standard","has-post-thumbnail","hentry","category-a-la-une","tag-location-camping","tag-location-jour","tag-materiel-camping","generate-columns","tablet-grid-50","mobile-grid-100","grid-parent","grid-25"],"acf":[],"yoast_head":"<!-- This site is optimized with the Yoast SEO Premium plugin v21.3 (Yoast SEO v27.3) - https:\/\/yoast.com\/product\/yoast-seo-premium-wordpress\/ -->\n<title>O\u00f9 louer du mat\u00e9riel de camping \u00e0 la journ\u00e9e<\/title>\n<meta name=\"description\" content=\"Les plateformes de location sp\u00e9cialis\u00e9es ont r\u00e9volutionn\u00e9 la logistique des s\u00e9jours en ext\u00e9rieur, en proposant une vaste gamme de tentes techniques\" \/>\n<meta name=\"robots\" content=\"index, follow, max-snippet:-1, max-image-preview:large, max-video-preview:-1\" \/>\n<link rel=\"canonical\" href=\"https:\/\/campingpanoramic.fr\/blog\/a-la-une\/ou-louer-du-materiel-de-camping-a-la-journee-pour-une-aventure-sans-contrainte\/\" \/>\n<meta property=\"og:locale\" content=\"fr_FR\" \/>\n<meta property=\"og:type\" content=\"article\" \/>\n<meta property=\"og:title\" content=\"O\u00f9 louer du mat\u00e9riel de camping \u00e0 la journ\u00e9e\" \/>\n<meta property=\"og:description\" content=\"Les plateformes de location sp\u00e9cialis\u00e9es ont r\u00e9volutionn\u00e9 la logistique des s\u00e9jours en ext\u00e9rieur, en proposant une vaste gamme de tentes techniques\" \/>\n<meta property=\"og:url\" content=\"https:\/\/campingpanoramic.fr\/blog\/a-la-une\/ou-louer-du-materiel-de-camping-a-la-journee-pour-une-aventure-sans-contrainte\/\" \/>\n<meta property=\"og:site_name\" content=\"Camping D\u00e9tail\" \/>\n<meta property=\"og:image\" content=\"https:\/\/campingpanoramic.fr\/blog\/wp-content\/uploads\/2025\/07\/sdxl-abd46b36894b7efec623cdd63d74cc66-scaled.png\" \/>\n\t<meta property=\"og:image:width\" content=\"1200\" \/>\n\t<meta property=\"og:image:height\" content=\"500\" \/>\n\t<meta property=\"og:image:type\" content=\"image\/png\" \/>\n<meta name=\"author\" content=\"Camille Rouvray\" \/>\n<meta name=\"twitter:card\" content=\"summary_large_image\" \/>\n<script type=\"application\/ld+json\" class=\"yoast-schema-graph\">{\"@context\":\"https:\\\/\\\/schema.org\",\"@graph\":[{\"@type\":\"NewsArticle\",\"@id\":\"https:\\\/\\\/campingpanoramic.fr\\\/blog\\\/a-la-une\\\/ou-louer-du-materiel-de-camping-a-la-journee-pour-une-aventure-sans-contrainte\\\/#article\",\"isPartOf\":{\"@id\":\"https:\\\/\\\/campingpanoramic.fr\\\/blog\\\/a-la-une\\\/ou-louer-du-materiel-de-camping-a-la-journee-pour-une-aventure-sans-contrainte\\\/\"},\"author\":{\"name\":\"Camille Rouvray\",\"@id\":\"https:\\\/\\\/campingpanoramic.fr\\\/blog\\\/#\\\/schema\\\/person\\\/3c864cdc320801e3db34b663e7e3f816\"},\"headline\":\"O\u00f9 louer du mat\u00e9riel de camping \u00e0 la journ\u00e9e pour une aventure sans contrainte\",\"datePublished\":\"2025-06-14T00:53:22+00:00\",\"mainEntityOfPage\":{\"@id\":\"https:\\\/\\\/campingpanoramic.fr\\\/blog\\\/a-la-une\\\/ou-louer-du-materiel-de-camping-a-la-journee-pour-une-aventure-sans-contrainte\\\/\"},\"wordCount\":2589,\"commentCount\":0,\"publisher\":{\"@id\":\"https:\\\/\\\/campingpanoramic.fr\\\/blog\\\/#organization\"},\"image\":{\"@id\":\"https:\\\/\\\/campingpanoramic.fr\\\/blog\\\/a-la-une\\\/ou-louer-du-materiel-de-camping-a-la-journee-pour-une-aventure-sans-contrainte\\\/#primaryimage\"},\"thumbnailUrl\":\"https:\\\/\\\/campingpanoramic.fr\\\/blog\\\/wp-content\\\/uploads\\\/2025\\\/07\\\/sdxl-abd46b36894b7efec623cdd63d74cc66-scaled.png\",\"keywords\":[\"location camping\",\"location jour\",\"materiel camping\"],\"articleSection\":[\"\u00c0 la une\"],\"inLanguage\":\"fr-FR\",\"potentialAction\":[{\"@type\":\"CommentAction\",\"name\":\"Comment\",\"target\":[\"https:\\\/\\\/campingpanoramic.fr\\\/blog\\\/a-la-une\\\/ou-louer-du-materiel-de-camping-a-la-journee-pour-une-aventure-sans-contrainte\\\/#respond\"]}]},{\"@type\":\"WebPage\",\"@id\":\"https:\\\/\\\/campingpanoramic.fr\\\/blog\\\/a-la-une\\\/ou-louer-du-materiel-de-camping-a-la-journee-pour-une-aventure-sans-contrainte\\\/\",\"url\":\"https:\\\/\\\/campingpanoramic.fr\\\/blog\\\/a-la-une\\\/ou-louer-du-materiel-de-camping-a-la-journee-pour-une-aventure-sans-contrainte\\\/\",\"name\":\"O\u00f9 louer du mat\u00e9riel de camping \u00e0 la journ\u00e9e\",\"isPartOf\":{\"@id\":\"https:\\\/\\\/campingpanoramic.fr\\\/blog\\\/#website\"},\"primaryImageOfPage\":{\"@id\":\"https:\\\/\\\/campingpanoramic.fr\\\/blog\\\/a-la-une\\\/ou-louer-du-materiel-de-camping-a-la-journee-pour-une-aventure-sans-contrainte\\\/#primaryimage\"},\"image\":{\"@id\":\"https:\\\/\\\/campingpanoramic.fr\\\/blog\\\/a-la-une\\\/ou-louer-du-materiel-de-camping-a-la-journee-pour-une-aventure-sans-contrainte\\\/#primaryimage\"},\"thumbnailUrl\":\"https:\\\/\\\/campingpanoramic.fr\\\/blog\\\/wp-content\\\/uploads\\\/2025\\\/07\\\/sdxl-abd46b36894b7efec623cdd63d74cc66-scaled.png\",\"datePublished\":\"2025-06-14T00:53:22+00:00\",\"description\":\"Les plateformes de location sp\u00e9cialis\u00e9es ont r\u00e9volutionn\u00e9 la logistique des s\u00e9jours en ext\u00e9rieur, en proposant une vaste gamme de tentes techniques\",\"inLanguage\":\"fr-FR\",\"potentialAction\":[{\"@type\":\"ReadAction\",\"target\":[\"https:\\\/\\\/campingpanoramic.fr\\\/blog\\\/a-la-une\\\/ou-louer-du-materiel-de-camping-a-la-journee-pour-une-aventure-sans-contrainte\\\/\"]}]},{\"@type\":\"ImageObject\",\"inLanguage\":\"fr-FR\",\"@id\":\"https:\\\/\\\/campingpanoramic.fr\\\/blog\\\/a-la-une\\\/ou-louer-du-materiel-de-camping-a-la-journee-pour-une-aventure-sans-contrainte\\\/#primaryimage\",\"url\":\"https:\\\/\\\/campingpanoramic.fr\\\/blog\\\/wp-content\\\/uploads\\\/2025\\\/07\\\/sdxl-abd46b36894b7efec623cdd63d74cc66-scaled.png\",\"contentUrl\":\"https:\\\/\\\/campingpanoramic.fr\\\/blog\\\/wp-content\\\/uploads\\\/2025\\\/07\\\/sdxl-abd46b36894b7efec623cdd63d74cc66-scaled.png\",\"width\":1200,\"height\":500},{\"@type\":\"WebSite\",\"@id\":\"https:\\\/\\\/campingpanoramic.fr\\\/blog\\\/#website\",\"url\":\"https:\\\/\\\/campingpanoramic.fr\\\/blog\\\/\",\"name\":\"Camping D\u00e9tail\",\"description\":\"Carnets, destinations, conseils plein air\",\"publisher\":{\"@id\":\"https:\\\/\\\/campingpanoramic.fr\\\/blog\\\/#organization\"},\"alternateName\":\"Votre escapade panoramique vous attend.\",\"potentialAction\":[{\"@type\":\"SearchAction\",\"target\":{\"@type\":\"EntryPoint\",\"urlTemplate\":\"https:\\\/\\\/campingpanoramic.fr\\\/blog\\\/?s={search_term_string}\"},\"query-input\":{\"@type\":\"PropertyValueSpecification\",\"valueRequired\":true,\"valueName\":\"search_term_string\"}}],\"inLanguage\":\"fr-FR\"},{\"@type\":\"Organization\",\"@id\":\"https:\\\/\\\/campingpanoramic.fr\\\/blog\\\/#organization\",\"name\":\"Camping D\u00e9tail\",\"alternateName\":\"Camping D\u00e9tail Magazine\",\"url\":\"https:\\\/\\\/campingpanoramic.fr\\\/blog\\\/\",\"logo\":{\"@type\":\"ImageObject\",\"inLanguage\":\"fr-FR\",\"@id\":\"https:\\\/\\\/campingpanoramic.fr\\\/blog\\\/#\\\/schema\\\/logo\\\/image\\\/\",\"url\":\"https:\\\/\\\/campingpanoramic.fr\\\/blog\\\/wp-content\\\/uploads\\\/2024\\\/12\\\/Campingpanoramic.png\",\"contentUrl\":\"https:\\\/\\\/campingpanoramic.fr\\\/blog\\\/wp-content\\\/uploads\\\/2024\\\/12\\\/Campingpanoramic.png\",\"width\":500,\"height\":500,\"caption\":\"Camping D\u00e9tail\"},\"image\":{\"@id\":\"https:\\\/\\\/campingpanoramic.fr\\\/blog\\\/#\\\/schema\\\/logo\\\/image\\\/\"}},{\"@type\":\"Person\",\"@id\":\"https:\\\/\\\/campingpanoramic.fr\\\/blog\\\/#\\\/schema\\\/person\\\/3c864cdc320801e3db34b663e7e3f816\",\"name\":\"Camille Rouvray\",\"image\":{\"@type\":\"ImageObject\",\"inLanguage\":\"fr-FR\",\"@id\":\"https:\\\/\\\/campingpanoramic.fr\\\/blog\\\/wp-content\\\/uploads\\\/2026\\\/06\\\/persona_camille-r-96x96.jpg\",\"url\":\"https:\\\/\\\/campingpanoramic.fr\\\/blog\\\/wp-content\\\/uploads\\\/2026\\\/06\\\/persona_camille-r-96x96.jpg\",\"contentUrl\":\"https:\\\/\\\/campingpanoramic.fr\\\/blog\\\/wp-content\\\/uploads\\\/2026\\\/06\\\/persona_camille-r-96x96.jpg\",\"caption\":\"Camille Rouvray\"},\"description\":\"Je voyage et j'\u00e9cris sur le voyage depuis une douzaine d'ann\u00e9es, d'abord en tant que routarde au long cours, puis comme r\u00e9dactrice sp\u00e9cialis\u00e9e. Mon terrain de pr\u00e9dilection, ce sont les circuits organis\u00e9s et l'art de bien pr\u00e9parer un itin\u00e9raire : choix de la saison, dur\u00e9e r\u00e9aliste des \u00e9tapes, budget jour par jour, logement et transport sur place. J'aime aussi raconter les p\u00e9pites urbaines, ces adresses qu'on ne trouve pas dans les guides classiques. Avant de publier un dossier destination, je croise toujours plusieurs sources, je v\u00e9rifie les tarifs et les formalit\u00e9s d'entr\u00e9e \u00e0 jour, et je teste moi-m\u00eame quand je le peux. Mon angle reste pratique avant tout : aider le lecteur \u00e0 partir l'esprit tranquille, sans mauvaise surprise une fois sur place. Je m'attache \u00e0 distinguer le coup de c\u0153ur sinc\u00e8re du simple argument marketing.\",\"sameAs\":[\"https:\\\/\\\/camillerouvray.fr\\\/\"],\"url\":\"https:\\\/\\\/campingpanoramic.fr\\\/blog\\\/auteur\\\/noname\\\/\"}]}<\/script>\n<!-- \/ Yoast SEO Premium plugin. -->","yoast_head_json":{"title":"O\u00f9 louer du mat\u00e9riel de camping \u00e0 la journ\u00e9e","description":"Les plateformes de location sp\u00e9cialis\u00e9es ont r\u00e9volutionn\u00e9 la logistique des s\u00e9jours en ext\u00e9rieur, en proposant une vaste gamme de tentes techniques","robots":{"index":"index","follow":"follow","max-snippet":"max-snippet:-1","max-image-preview":"max-image-preview:large","max-video-preview":"max-video-preview:-1"},"canonical":"https:\/\/campingpanoramic.fr\/blog\/a-la-une\/ou-louer-du-materiel-de-camping-a-la-journee-pour-une-aventure-sans-contrainte\/","og_locale":"fr_FR","og_type":"article","og_title":"O\u00f9 louer du mat\u00e9riel de camping \u00e0 la journ\u00e9e","og_description":"Les plateformes de location sp\u00e9cialis\u00e9es ont r\u00e9volutionn\u00e9 la logistique des s\u00e9jours en ext\u00e9rieur, en proposant une vaste gamme de tentes techniques","og_url":"https:\/\/campingpanoramic.fr\/blog\/a-la-une\/ou-louer-du-materiel-de-camping-a-la-journee-pour-une-aventure-sans-contrainte\/","og_site_name":"Camping D\u00e9tail","og_image":[{"width":1200,"height":500,"url":"https:\/\/campingpanoramic.fr\/blog\/wp-content\/uploads\/2025\/07\/sdxl-abd46b36894b7efec623cdd63d74cc66-scaled.png","type":"image\/png"}],"author":"Camille Rouvray","twitter_card":"summary_large_image","schema":{"@context":"https:\/\/schema.org","@graph":[{"@type":"NewsArticle","@id":"https:\/\/campingpanoramic.fr\/blog\/a-la-une\/ou-louer-du-materiel-de-camping-a-la-journee-pour-une-aventure-sans-contrainte\/#article","isPartOf":{"@id":"https:\/\/campingpanoramic.fr\/blog\/a-la-une\/ou-louer-du-materiel-de-camping-a-la-journee-pour-une-aventure-sans-contrainte\/"},"author":{"name":"Camille Rouvray","@id":"https:\/\/campingpanoramic.fr\/blog\/#\/schema\/person\/3c864cdc320801e3db34b663e7e3f816"},"headline":"O\u00f9 louer du mat\u00e9riel de camping \u00e0 la journ\u00e9e pour une aventure sans contrainte","datePublished":"2025-06-14T00:53:22+00:00","mainEntityOfPage":{"@id":"https:\/\/campingpanoramic.fr\/blog\/a-la-une\/ou-louer-du-materiel-de-camping-a-la-journee-pour-une-aventure-sans-contrainte\/"},"wordCount":2589,"commentCount":0,"publisher":{"@id":"https:\/\/campingpanoramic.fr\/blog\/#organization"},"image":{"@id":"https:\/\/campingpanoramic.fr\/blog\/a-la-une\/ou-louer-du-materiel-de-camping-a-la-journee-pour-une-aventure-sans-contrainte\/#primaryimage"},"thumbnailUrl":"https:\/\/campingpanoramic.fr\/blog\/wp-content\/uploads\/2025\/07\/sdxl-abd46b36894b7efec623cdd63d74cc66-scaled.png","keywords":["location camping","location jour","materiel camping"],"articleSection":["\u00c0 la une"],"inLanguage":"fr-FR","potentialAction":[{"@type":"CommentAction","name":"Comment","target":["https:\/\/campingpanoramic.fr\/blog\/a-la-une\/ou-louer-du-materiel-de-camping-a-la-journee-pour-une-aventure-sans-contrainte\/#respond"]}]},{"@type":"WebPage","@id":"https:\/\/campingpanoramic.fr\/blog\/a-la-une\/ou-louer-du-materiel-de-camping-a-la-journee-pour-une-aventure-sans-contrainte\/","url":"https:\/\/campingpanoramic.fr\/blog\/a-la-une\/ou-louer-du-materiel-de-camping-a-la-journee-pour-une-aventure-sans-contrainte\/","name":"O\u00f9 louer du mat\u00e9riel de camping \u00e0 la journ\u00e9e","isPartOf":{"@id":"https:\/\/campingpanoramic.fr\/blog\/#website"},"primaryImageOfPage":{"@id":"https:\/\/campingpanoramic.fr\/blog\/a-la-une\/ou-louer-du-materiel-de-camping-a-la-journee-pour-une-aventure-sans-contrainte\/#primaryimage"},"image":{"@id":"https:\/\/campingpanoramic.fr\/blog\/a-la-une\/ou-louer-du-materiel-de-camping-a-la-journee-pour-une-aventure-sans-contrainte\/#primaryimage"},"thumbnailUrl":"https:\/\/campingpanoramic.fr\/blog\/wp-content\/uploads\/2025\/07\/sdxl-abd46b36894b7efec623cdd63d74cc66-scaled.png","datePublished":"2025-06-14T00:53:22+00:00","description":"Les plateformes de location sp\u00e9cialis\u00e9es ont r\u00e9volutionn\u00e9 la logistique des s\u00e9jours en ext\u00e9rieur, en proposant une vaste gamme de tentes techniques","inLanguage":"fr-FR","potentialAction":[{"@type":"ReadAction","target":["https:\/\/campingpanoramic.fr\/blog\/a-la-une\/ou-louer-du-materiel-de-camping-a-la-journee-pour-une-aventure-sans-contrainte\/"]}]},{"@type":"ImageObject","inLanguage":"fr-FR","@id":"https:\/\/campingpanoramic.fr\/blog\/a-la-une\/ou-louer-du-materiel-de-camping-a-la-journee-pour-une-aventure-sans-contrainte\/#primaryimage","url":"https:\/\/campingpanoramic.fr\/blog\/wp-content\/uploads\/2025\/07\/sdxl-abd46b36894b7efec623cdd63d74cc66-scaled.png","contentUrl":"https:\/\/campingpanoramic.fr\/blog\/wp-content\/uploads\/2025\/07\/sdxl-abd46b36894b7efec623cdd63d74cc66-scaled.png","width":1200,"height":500},{"@type":"WebSite","@id":"https:\/\/campingpanoramic.fr\/blog\/#website","url":"https:\/\/campingpanoramic.fr\/blog\/","name":"Camping D\u00e9tail","description":"Carnets, destinations, conseils plein air","publisher":{"@id":"https:\/\/campingpanoramic.fr\/blog\/#organization"},"alternateName":"Votre escapade panoramique vous attend.","potentialAction":[{"@type":"SearchAction","target":{"@type":"EntryPoint","urlTemplate":"https:\/\/campingpanoramic.fr\/blog\/?s={search_term_string}"},"query-input":{"@type":"PropertyValueSpecification","valueRequired":true,"valueName":"search_term_string"}}],"inLanguage":"fr-FR"},{"@type":"Organization","@id":"https:\/\/campingpanoramic.fr\/blog\/#organization","name":"Camping D\u00e9tail","alternateName":"Camping D\u00e9tail Magazine","url":"https:\/\/campingpanoramic.fr\/blog\/","logo":{"@type":"ImageObject","inLanguage":"fr-FR","@id":"https:\/\/campingpanoramic.fr\/blog\/#\/schema\/logo\/image\/","url":"https:\/\/campingpanoramic.fr\/blog\/wp-content\/uploads\/2024\/12\/Campingpanoramic.png","contentUrl":"https:\/\/campingpanoramic.fr\/blog\/wp-content\/uploads\/2024\/12\/Campingpanoramic.png","width":500,"height":500,"caption":"Camping D\u00e9tail"},"image":{"@id":"https:\/\/campingpanoramic.fr\/blog\/#\/schema\/logo\/image\/"}},{"@type":"Person","@id":"https:\/\/campingpanoramic.fr\/blog\/#\/schema\/person\/3c864cdc320801e3db34b663e7e3f816","name":"Camille Rouvray","image":{"@type":"ImageObject","inLanguage":"fr-FR","@id":"https:\/\/campingpanoramic.fr\/blog\/wp-content\/uploads\/2026\/06\/persona_camille-r-96x96.jpg","url":"https:\/\/campingpanoramic.fr\/blog\/wp-content\/uploads\/2026\/06\/persona_camille-r-96x96.jpg","contentUrl":"https:\/\/campingpanoramic.fr\/blog\/wp-content\/uploads\/2026\/06\/persona_camille-r-96x96.jpg","caption":"Camille Rouvray"},"description":"Je voyage et j'\u00e9cris sur le voyage depuis une douzaine d'ann\u00e9es, d'abord en tant que routarde au long cours, puis comme r\u00e9dactrice sp\u00e9cialis\u00e9e. Mon terrain de pr\u00e9dilection, ce sont les circuits organis\u00e9s et l'art de bien pr\u00e9parer un itin\u00e9raire : choix de la saison, dur\u00e9e r\u00e9aliste des \u00e9tapes, budget jour par jour, logement et transport sur place. J'aime aussi raconter les p\u00e9pites urbaines, ces adresses qu'on ne trouve pas dans les guides classiques. Avant de publier un dossier destination, je croise toujours plusieurs sources, je v\u00e9rifie les tarifs et les formalit\u00e9s d'entr\u00e9e \u00e0 jour, et je teste moi-m\u00eame quand je le peux. Mon angle reste pratique avant tout : aider le lecteur \u00e0 partir l'esprit tranquille, sans mauvaise surprise une fois sur place. Je m'attache \u00e0 distinguer le coup de c\u0153ur sinc\u00e8re du simple argument marketing.","sameAs":["https:\/\/camillerouvray.fr\/"],"url":"https:\/\/campingpanoramic.fr\/blog\/auteur\/noname\/"}]}},"_links":{"self":[{"href":"https:\/\/campingpanoramic.fr\/blog\/wp-json\/wp\/v2\/posts\/7634","targetHints":{"allow":["GET"]}}],"collection":[{"href":"https:\/\/campingpanoramic.fr\/blog\/wp-json\/wp\/v2\/posts"}],"about":[{"href":"https:\/\/campingpanoramic.fr\/blog\/wp-json\/wp\/v2\/types\/post"}],"author":[{"embeddable":true,"href":"https:\/\/campingpanoramic.fr\/blog\/wp-json\/wp\/v2\/users\/34"}],"replies":[{"embeddable":true,"href":"https:\/\/campingpanoramic.fr\/blog\/wp-json\/wp\/v2\/comments?post=7634"}],"version-history":[{"count":0,"href":"https:\/\/campingpanoramic.fr\/blog\/wp-json\/wp\/v2\/posts\/7634\/revisions"}],"wp:featuredmedia":[{"embeddable":true,"href":"https:\/\/campingpanoramic.fr\/blog\/wp-json\/wp\/v2\/media\/7797"}],"wp:attachment":[{"href":"https:\/\/campingpanoramic.fr\/blog\/wp-json\/wp\/v2\/media?parent=7634"}],"wp:term":[{"taxonomy":"category","embeddable":true,"href":"https:\/\/campingpanoramic.fr\/blog\/wp-json\/wp\/v2\/categories?post=7634"},{"taxonomy":"post_tag","embeddable":true,"href":"https:\/\/campingpanoramic.fr\/blog\/wp-json\/wp\/v2\/tags?post=7634"}],"curies":[{"name":"wp","href":"https:\/\/api.w.org\/{rel}","templated":true}]}}