{"id":7545,"date":"2025-02-12T12:14:00","date_gmt":"2025-02-12T11:14:00","guid":{"rendered":"https:\/\/campingpanoramic.fr\/blog\/?p=7545"},"modified":"2025-02-08T11:44:34","modified_gmt":"2025-02-08T10:44:34","slug":"camping-a-villers-sur-mer-un-ecrin-de-nature-pour-vos-vacances","status":"publish","type":"post","link":"https:\/\/campingpanoramic.fr\/blog\/a-la-une\/camping-a-villers-sur-mer-un-ecrin-de-nature-pour-vos-vacances\/","title":{"rendered":"Camping \u00e0 Villers-sur-Mer : Un \u00c9crin de Nature pour Vos Vacances"},"content":{"rendered":"<h2>Introduction au camping \u00e0 Villers-sur-Mer<\/h2>\n<p>Que vous soyez en qu\u00eate d&rsquo;un s\u00e9jour en famille, d&rsquo;une escapade romantique ou d&rsquo;une aventure entre amis, le camping \u00e0 Villers-sur-Mer vous promet une exp\u00e9rience inoubliable. Imaginez-vous r\u00e9veill\u00e9 par le doux bruit des vagues, pr\u00eat \u00e0 explorer les merveilles de cette r\u00e9gion riche en paysages et en activit\u00e9s.<\/p>\n<h2>Les atouts du camping \u00e0 Villers-sur-Mer<\/h2>\n<p>Choisir de camper \u00e0 Villers-sur-Mer, c&rsquo;est opter pour un contact privil\u00e9gi\u00e9 avec la nature. Les campings de la r\u00e9gion offrent des emplacements vari\u00e9s, allant des sites ombrag\u00e9s aux emplacements avec vue sur la mer. Voici quelques avantages de cette option :<\/p>\n<blockquote class=\"wp-embedded-content\" data-secret=\"FN0qMNjfdQ\"><p><a href=\"https:\/\/campingpanoramic.fr\/blog\/a-la-une\/decouvrez-le-camping-saint-michel-a-erquy-un-sejour-inoubliable-en-bretagne\/\">D\u00e9couvrez le Camping Saint Michel \u00e0 Erquy : Un S\u00e9jour Inoubliable en Bretagne<\/a><\/p><\/blockquote>\n<p><iframe loading=\"lazy\" class=\"wp-embedded-content\" sandbox=\"allow-scripts\" security=\"restricted\" style=\"position: absolute; visibility: hidden;\" title=\"\u00ab\u00a0D\u00e9couvrez le Camping Saint Michel \u00e0 Erquy : Un S\u00e9jour Inoubliable en Bretagne\u00a0\u00bb &#8212; campingpanoramic\" src=\"https:\/\/campingpanoramic.fr\/blog\/a-la-une\/decouvrez-le-camping-saint-michel-a-erquy-un-sejour-inoubliable-en-bretagne\/embed\/#?secret=VCZuMnF4jh#?secret=FN0qMNjfdQ\" data-secret=\"FN0qMNjfdQ\" width=\"600\" height=\"338\" frameborder=\"0\" marginwidth=\"0\" marginheight=\"0\" scrolling=\"no\"><\/iframe><\/p>\n<ul>\n<li><strong>Proximit\u00e9 de la plage :<\/strong> La plupart des campings se situent \u00e0 quelques pas de la plage, facilitant l&rsquo;acc\u00e8s \u00e0 des activit\u00e9s nautiques telles que la baignade, le paddle ou la p\u00eache.<\/li>\n<li><strong>Activit\u00e9s vari\u00e9es :<\/strong> De la randonn\u00e9e sur les falaises aux balades \u00e0 v\u00e9lo dans la campagne environnante, les possibilit\u00e9s d&rsquo;activit\u00e9s ne manquent pas.<\/li>\n<li><strong>Ambiance conviviale :<\/strong> Les campings favorisent les \u00e9changes et permettent de rencontrer d&rsquo;autres vacanciers, cr\u00e9ant ainsi un esprit de communaut\u00e9.<\/li>\n<\/ul>\n<h2>Les campings recommand\u00e9s \u00e0 Villers-sur-Mer<\/h2>\n<p>Voici une s\u00e9lection de campings qui se d\u00e9marquent par leurs services et leur localisation :<img decoding=\"async\" width=\"1024\" height=\"576\" src=\"https:\/\/campingpanoramic.fr\/blog\/wp-content\/uploads\/2025\/02\/stability-camping-a-villers-sur-mer-un-ecrin-de-nature-pour-vos-vacances-1.png\" class=\"aligncenter\" alt=\"Illustration d\u00e9taill\u00e9e sur Camping \u00e0 Villers-sur-Mer : Un \u00c9crin de Nature pour Vos Vacances\" title=\"Camping \u00e0 Villers-sur-Mer : Un \u00c9crin de Nature pour Vos Vacances\" loading=\"lazy\" \/><\/p>\n<table>\n<tr>\n<th>Nom du Camping<\/th>\n<th>\u00c9valuation<\/th>\n<th>Services<\/th>\n<\/tr>\n<tr>\n<td>Camping Les Falaises<\/td>\n<td>4 \u00e9toiles<\/td>\n<td>Animations, piscine, acc\u00e8s direct \u00e0 la plage<\/td>\n<\/tr>\n<tr>\n<td>Camping La C\u00f4te Fleurie<\/td>\n<td>3 \u00e9toiles<\/td>\n<td>Restaurant, aire de jeux, location de v\u00e9los<\/td>\n<\/tr>\n<tr>\n<td>Camping Le Domaine de la Mer<\/td>\n<td>4 \u00e9toiles<\/td>\n<td>Chalet, mobil-home, services adapt\u00e9s aux enfants<\/td>\n<\/tr>\n<\/table>\n<p><iframe loading=\"lazy\" title=\"Houlgate naturellement\" width=\"1200\" height=\"675\" src=\"https:\/\/www.youtube.com\/embed\/-8uofPj5S5c?feature=oembed\" frameborder=\"0\" allow=\"accelerometer; autoplay; clipboard-write; encrypted-media; gyroscope; picture-in-picture; web-share\" referrerpolicy=\"strict-origin-when-cross-origin\" allowfullscreen><\/iframe><\/p>\n<h2>Activit\u00e9s \u00e0 ne pas manquer autour du camping<\/h2>\n<p>Le camping \u00e0 Villers-sur-Mer ne se limite pas \u00e0 profiter de la plage. Plusieurs activit\u00e9s vous attendent :<\/p>\n<blockquote class=\"wp-embedded-content\" data-secret=\"pXpfNgIZGN\"><p><a href=\"https:\/\/campingpanoramic.fr\/blog\/a-la-une\/decouvrez-euronat-camping-un-ecrin-de-nature-en-charente-maritime\/\">D\u00e9couvrez Euronat Camping : Un \u00c9crin de Nature en Charente-Maritime<\/a><\/p><\/blockquote>\n<p><iframe loading=\"lazy\" class=\"wp-embedded-content\" sandbox=\"allow-scripts\" security=\"restricted\" style=\"position: absolute; visibility: hidden;\" title=\"\u00ab\u00a0D\u00e9couvrez Euronat Camping : Un \u00c9crin de Nature en Charente-Maritime\u00a0\u00bb &#8212; campingpanoramic\" src=\"https:\/\/campingpanoramic.fr\/blog\/a-la-une\/decouvrez-euronat-camping-un-ecrin-de-nature-en-charente-maritime\/embed\/#?secret=twAK8rBhO8#?secret=pXpfNgIZGN\" data-secret=\"pXpfNgIZGN\" width=\"600\" height=\"338\" frameborder=\"0\" marginwidth=\"0\" marginheight=\"0\" scrolling=\"no\"><\/iframe><\/p>\n<ul>\n<li><strong>Visite des falaises des Vaches Noires :<\/strong> Un site g\u00e9ologique exceptionnel o\u00f9 vous pouvez observer des fossiles et profiter de panoramas \u00e0 couper le souffle.<\/li>\n<li><strong>Randonn\u00e9e \u00e0 travers le parc naturel :<\/strong> Des sentiers balis\u00e9s vous feront d\u00e9couvrir la faune et la flore locales, id\u00e9als pour les amateurs de nature.<\/li>\n<li><strong>D\u00e9couverte du patrimoine local :<\/strong> Ne manquez pas de visiter le charmant centre-ville et ses b\u00e2timents historiques, ainsi que le march\u00e9 local pour savourer des produits r\u00e9gionaux.<\/li>\n<\/ul>\n<blockquote>\n<p>\u00ab\u00a0Le camping \u00e0 Villers-sur-Mer est une formidable occasion de se reconnecter avec la nature tout en profitant des activit\u00e9s baln\u00e9aires.\u00a0\u00bb &#8211; Un vacancier<\/p>\n<\/blockquote>\n<h2>FAQ :<\/h2>\n<blockquote>\n<ul>\n<li><strong>Quelle est la meilleure p\u00e9riode pour camper \u00e0 Villers-sur-Mer ?<\/strong>La p\u00e9riode de juin \u00e0 septembre est id\u00e9ale pour profiter de la plage et des activit\u00e9s en ext\u00e9rieur.<\/li>\n<li><strong>Les campings acceptent-ils les animaux de compagnie ?<\/strong>De nombreux campings sont pet-friendly, mais il est conseill\u00e9 de v\u00e9rifier les conditions sp\u00e9cifiques \u00e0 chaque \u00e9tablissement.<\/li>\n<li><strong>Quels types d&rsquo;h\u00e9bergement sont disponibles dans les campings ?<\/strong>Les campings offrent une vari\u00e9t\u00e9 d&rsquo;h\u00e9bergements, allant des emplacements pour tentes aux mobil-homes et chalets tout confort.<\/li>\n<li><strong>Les campings organisent-ils des activit\u00e9s pour les enfants ?<\/strong>Oui, beaucoup de campings proposent des animations et des clubs pour enfants, permettant aux plus jeunes de profiter de leur s\u00e9jour.<\/li>\n<\/ul>\n<\/blockquote>\n<h2>Conclusion<\/h2>\n<p>Opter pour le camping \u00e0 Villers-sur-Mer, c\u2019est choisir un s\u00e9jour riche en d\u00e9couvertes et en convivialit\u00e9. Entre plages, nature et activit\u00e9s, cette destination offre un cadre id\u00e9al pour des vacances en famille ou entre amis. R\u00e9servez d\u00e8s maintenant votre emplacement et pr\u00e9parez-vous \u00e0 vivre une exp\u00e9rience m\u00e9morable dans ce coin de la Normandie.<\/p>\n","protected":false},"excerpt":{"rendered":"","protected":false},"author":39,"featured_media":7546,"comment_status":"open","ping_status":"open","sticky":false,"template":"","format":"standard","meta":{"_acf_changed":false,"manual_indexmenow":false,"indexmenow_id_project":0,"footnotes":""},"categories":[1],"tags":[4601,4526,2784,3663,4603,4659],"class_list":["post-7545","post","type-post","status-publish","format-standard","has-post-thumbnail","hentry","category-a-la-une","tag-activites","tag-camping","tag-convivialite","tag-nature","tag-plage","tag-villers-sur-mer","generate-columns","tablet-grid-50","mobile-grid-100","grid-parent","grid-25"],"acf":[],"yoast_head":"<!-- This site is optimized with the Yoast SEO Premium plugin v21.3 (Yoast SEO v27.3) - https:\/\/yoast.com\/product\/yoast-seo-premium-wordpress\/ -->\n<title>Camping \u00e0 Villers-sur-Mer : Un \u00c9crin de Nature pour Vos Vacances<\/title>\n<meta name=\"description\" content=\"Introduction au camping \u00e0 Villers-sur-Mer Que vous soyez en qu\u00eate d&#039;un s\u00e9jour en famille, d&#039;une escapade romantique ou d&#039;une aventure entre amis, le\" \/>\n<meta name=\"robots\" content=\"index, follow, max-snippet:-1, max-image-preview:large, max-video-preview:-1\" \/>\n<link rel=\"canonical\" href=\"https:\/\/campingpanoramic.fr\/blog\/a-la-une\/camping-a-villers-sur-mer-un-ecrin-de-nature-pour-vos-vacances\/\" \/>\n<meta property=\"og:locale\" content=\"fr_FR\" \/>\n<meta property=\"og:type\" content=\"article\" \/>\n<meta property=\"og:title\" content=\"Camping \u00e0 Villers-sur-Mer : Un \u00c9crin de Nature pour Vos Vacances\" \/>\n<meta property=\"og:description\" content=\"Introduction au camping \u00e0 Villers-sur-Mer Que vous soyez en qu\u00eate d&#039;un s\u00e9jour en famille, d&#039;une escapade romantique ou d&#039;une aventure entre amis, le\" \/>\n<meta property=\"og:url\" content=\"https:\/\/campingpanoramic.fr\/blog\/a-la-une\/camping-a-villers-sur-mer-un-ecrin-de-nature-pour-vos-vacances\/\" \/>\n<meta property=\"og:site_name\" content=\"campingpanoramic\" \/>\n<meta property=\"og:image\" content=\"https:\/\/campingpanoramic.fr\/blog\/wp-content\/uploads\/2025\/02\/stability-camping-a-villers-sur-mer-un-ecrin-de-nature-pour-vos-vacances.png\" \/>\n\t<meta property=\"og:image:width\" content=\"1024\" \/>\n\t<meta property=\"og:image:height\" content=\"576\" \/>\n\t<meta property=\"og:image:type\" content=\"image\/png\" \/>\n<meta name=\"author\" content=\"Claire Moreau\" \/>\n<meta name=\"twitter:card\" content=\"summary_large_image\" \/>\n<script type=\"application\/ld+json\" class=\"yoast-schema-graph\">{\"@context\":\"https:\\\/\\\/schema.org\",\"@graph\":[{\"@type\":\"NewsArticle\",\"@id\":\"https:\\\/\\\/campingpanoramic.fr\\\/blog\\\/a-la-une\\\/camping-a-villers-sur-mer-un-ecrin-de-nature-pour-vos-vacances\\\/#article\",\"isPartOf\":{\"@id\":\"https:\\\/\\\/campingpanoramic.fr\\\/blog\\\/a-la-une\\\/camping-a-villers-sur-mer-un-ecrin-de-nature-pour-vos-vacances\\\/\"},\"author\":{\"name\":\"Claire Moreau\",\"@id\":\"https:\\\/\\\/campingpanoramic.fr\\\/blog\\\/#\\\/schema\\\/person\\\/380046b5c3cad5f5eb1cff20d2d69ab5\"},\"headline\":\"Camping \u00e0 Villers-sur-Mer : Un \u00c9crin de Nature pour Vos Vacances\",\"datePublished\":\"2025-02-12T11:14:00+00:00\",\"mainEntityOfPage\":{\"@id\":\"https:\\\/\\\/campingpanoramic.fr\\\/blog\\\/a-la-une\\\/camping-a-villers-sur-mer-un-ecrin-de-nature-pour-vos-vacances\\\/\"},\"wordCount\":591,\"commentCount\":21,\"publisher\":{\"@id\":\"https:\\\/\\\/campingpanoramic.fr\\\/blog\\\/#organization\"},\"image\":{\"@id\":\"https:\\\/\\\/campingpanoramic.fr\\\/blog\\\/a-la-une\\\/camping-a-villers-sur-mer-un-ecrin-de-nature-pour-vos-vacances\\\/#primaryimage\"},\"thumbnailUrl\":\"https:\\\/\\\/campingpanoramic.fr\\\/blog\\\/wp-content\\\/uploads\\\/2025\\\/02\\\/stability-camping-a-villers-sur-mer-un-ecrin-de-nature-pour-vos-vacances.png\",\"keywords\":[\"Activit\u00e9s\",\"Camping\",\"Convivialit\u00e9\",\"Nature\",\"Plage\",\"Villers-sur-Mer\"],\"articleSection\":[\"\u00c0 la une\"],\"inLanguage\":\"fr-FR\",\"potentialAction\":[{\"@type\":\"CommentAction\",\"name\":\"Comment\",\"target\":[\"https:\\\/\\\/campingpanoramic.fr\\\/blog\\\/a-la-une\\\/camping-a-villers-sur-mer-un-ecrin-de-nature-pour-vos-vacances\\\/#respond\"]}]},{\"@type\":\"WebPage\",\"@id\":\"https:\\\/\\\/campingpanoramic.fr\\\/blog\\\/a-la-une\\\/camping-a-villers-sur-mer-un-ecrin-de-nature-pour-vos-vacances\\\/\",\"url\":\"https:\\\/\\\/campingpanoramic.fr\\\/blog\\\/a-la-une\\\/camping-a-villers-sur-mer-un-ecrin-de-nature-pour-vos-vacances\\\/\",\"name\":\"Camping \u00e0 Villers-sur-Mer : Un \u00c9crin de Nature pour Vos Vacances\",\"isPartOf\":{\"@id\":\"https:\\\/\\\/campingpanoramic.fr\\\/blog\\\/#website\"},\"primaryImageOfPage\":{\"@id\":\"https:\\\/\\\/campingpanoramic.fr\\\/blog\\\/a-la-une\\\/camping-a-villers-sur-mer-un-ecrin-de-nature-pour-vos-vacances\\\/#primaryimage\"},\"image\":{\"@id\":\"https:\\\/\\\/campingpanoramic.fr\\\/blog\\\/a-la-une\\\/camping-a-villers-sur-mer-un-ecrin-de-nature-pour-vos-vacances\\\/#primaryimage\"},\"thumbnailUrl\":\"https:\\\/\\\/campingpanoramic.fr\\\/blog\\\/wp-content\\\/uploads\\\/2025\\\/02\\\/stability-camping-a-villers-sur-mer-un-ecrin-de-nature-pour-vos-vacances.png\",\"datePublished\":\"2025-02-12T11:14:00+00:00\",\"description\":\"Introduction au camping \u00e0 Villers-sur-Mer Que vous soyez en qu\u00eate d'un s\u00e9jour en famille, d'une escapade romantique ou d'une aventure entre amis, le\",\"inLanguage\":\"fr-FR\",\"potentialAction\":[{\"@type\":\"ReadAction\",\"target\":[\"https:\\\/\\\/campingpanoramic.fr\\\/blog\\\/a-la-une\\\/camping-a-villers-sur-mer-un-ecrin-de-nature-pour-vos-vacances\\\/\"]}]},{\"@type\":\"ImageObject\",\"inLanguage\":\"fr-FR\",\"@id\":\"https:\\\/\\\/campingpanoramic.fr\\\/blog\\\/a-la-une\\\/camping-a-villers-sur-mer-un-ecrin-de-nature-pour-vos-vacances\\\/#primaryimage\",\"url\":\"https:\\\/\\\/campingpanoramic.fr\\\/blog\\\/wp-content\\\/uploads\\\/2025\\\/02\\\/stability-camping-a-villers-sur-mer-un-ecrin-de-nature-pour-vos-vacances.png\",\"contentUrl\":\"https:\\\/\\\/campingpanoramic.fr\\\/blog\\\/wp-content\\\/uploads\\\/2025\\\/02\\\/stability-camping-a-villers-sur-mer-un-ecrin-de-nature-pour-vos-vacances.png\",\"width\":1024,\"height\":576},{\"@type\":\"WebSite\",\"@id\":\"https:\\\/\\\/campingpanoramic.fr\\\/blog\\\/#website\",\"url\":\"https:\\\/\\\/campingpanoramic.fr\\\/blog\\\/\",\"name\":\"campingpanoramic.fr\",\"description\":\"Votre escapade panoramique vous attend.\",\"publisher\":{\"@id\":\"https:\\\/\\\/campingpanoramic.fr\\\/blog\\\/#organization\"},\"alternateName\":\"Votre escapade panoramique vous attend.\",\"potentialAction\":[{\"@type\":\"SearchAction\",\"target\":{\"@type\":\"EntryPoint\",\"urlTemplate\":\"https:\\\/\\\/campingpanoramic.fr\\\/blog\\\/?s={search_term_string}\"},\"query-input\":{\"@type\":\"PropertyValueSpecification\",\"valueRequired\":true,\"valueName\":\"search_term_string\"}}],\"inLanguage\":\"fr-FR\"},{\"@type\":\"Organization\",\"@id\":\"https:\\\/\\\/campingpanoramic.fr\\\/blog\\\/#organization\",\"name\":\"Foretsensations.fr\",\"url\":\"https:\\\/\\\/campingpanoramic.fr\\\/blog\\\/\",\"logo\":{\"@type\":\"ImageObject\",\"inLanguage\":\"fr-FR\",\"@id\":\"https:\\\/\\\/campingpanoramic.fr\\\/blog\\\/#\\\/schema\\\/logo\\\/image\\\/\",\"url\":\"https:\\\/\\\/campingpanoramic.fr\\\/blog\\\/wp-content\\\/uploads\\\/2024\\\/12\\\/Campingpanoramic.png\",\"contentUrl\":\"https:\\\/\\\/campingpanoramic.fr\\\/blog\\\/wp-content\\\/uploads\\\/2024\\\/12\\\/Campingpanoramic.png\",\"width\":500,\"height\":500,\"caption\":\"Foretsensations.fr\"},\"image\":{\"@id\":\"https:\\\/\\\/campingpanoramic.fr\\\/blog\\\/#\\\/schema\\\/logo\\\/image\\\/\"}},{\"@type\":\"Person\",\"@id\":\"https:\\\/\\\/campingpanoramic.fr\\\/blog\\\/#\\\/schema\\\/person\\\/380046b5c3cad5f5eb1cff20d2d69ab5\",\"name\":\"Claire Moreau\",\"image\":{\"@type\":\"ImageObject\",\"inLanguage\":\"fr-FR\",\"@id\":\"https:\\\/\\\/secure.gravatar.com\\\/avatar\\\/?s=96&d=mm&r=g\",\"url\":\"https:\\\/\\\/secure.gravatar.com\\\/avatar\\\/?s=96&d=mm&r=g\",\"contentUrl\":\"https:\\\/\\\/secure.gravatar.com\\\/avatar\\\/?s=96&d=mm&r=g\",\"caption\":\"Claire Moreau\"},\"description\":\"Claire Moreau est passionn\u00e9e de camping depuis son enfance. Avec plus de 10 ans d'exp\u00e9rience dans les activit\u00e9s de plein air, elle partage ses conseils et ses d\u00e9couvertes pour aider les campeurs \u00e0 vivre des exp\u00e9riences inoubliables sur campingpanoramic.fr.\",\"url\":\"https:\\\/\\\/campingpanoramic.fr\\\/blog\\\/auteur\\\/claire-moreau\\\/\"}]}<\/script>\n<!-- \/ Yoast SEO Premium plugin. -->","yoast_head_json":{"title":"Camping \u00e0 Villers-sur-Mer : Un \u00c9crin de Nature pour Vos Vacances","description":"Introduction au camping \u00e0 Villers-sur-Mer Que vous soyez en qu\u00eate d'un s\u00e9jour en famille, d'une escapade romantique ou d'une aventure entre amis, le","robots":{"index":"index","follow":"follow","max-snippet":"max-snippet:-1","max-image-preview":"max-image-preview:large","max-video-preview":"max-video-preview:-1"},"canonical":"https:\/\/campingpanoramic.fr\/blog\/a-la-une\/camping-a-villers-sur-mer-un-ecrin-de-nature-pour-vos-vacances\/","og_locale":"fr_FR","og_type":"article","og_title":"Camping \u00e0 Villers-sur-Mer : Un \u00c9crin de Nature pour Vos Vacances","og_description":"Introduction au camping \u00e0 Villers-sur-Mer Que vous soyez en qu\u00eate d'un s\u00e9jour en famille, d'une escapade romantique ou d'une aventure entre amis, le","og_url":"https:\/\/campingpanoramic.fr\/blog\/a-la-une\/camping-a-villers-sur-mer-un-ecrin-de-nature-pour-vos-vacances\/","og_site_name":"campingpanoramic","og_image":[{"width":1024,"height":576,"url":"https:\/\/campingpanoramic.fr\/blog\/wp-content\/uploads\/2025\/02\/stability-camping-a-villers-sur-mer-un-ecrin-de-nature-pour-vos-vacances.png","type":"image\/png"}],"author":"Claire Moreau","twitter_card":"summary_large_image","schema":{"@context":"https:\/\/schema.org","@graph":[{"@type":"NewsArticle","@id":"https:\/\/campingpanoramic.fr\/blog\/a-la-une\/camping-a-villers-sur-mer-un-ecrin-de-nature-pour-vos-vacances\/#article","isPartOf":{"@id":"https:\/\/campingpanoramic.fr\/blog\/a-la-une\/camping-a-villers-sur-mer-un-ecrin-de-nature-pour-vos-vacances\/"},"author":{"name":"Claire Moreau","@id":"https:\/\/campingpanoramic.fr\/blog\/#\/schema\/person\/380046b5c3cad5f5eb1cff20d2d69ab5"},"headline":"Camping \u00e0 Villers-sur-Mer : Un \u00c9crin de Nature pour Vos Vacances","datePublished":"2025-02-12T11:14:00+00:00","mainEntityOfPage":{"@id":"https:\/\/campingpanoramic.fr\/blog\/a-la-une\/camping-a-villers-sur-mer-un-ecrin-de-nature-pour-vos-vacances\/"},"wordCount":591,"commentCount":21,"publisher":{"@id":"https:\/\/campingpanoramic.fr\/blog\/#organization"},"image":{"@id":"https:\/\/campingpanoramic.fr\/blog\/a-la-une\/camping-a-villers-sur-mer-un-ecrin-de-nature-pour-vos-vacances\/#primaryimage"},"thumbnailUrl":"https:\/\/campingpanoramic.fr\/blog\/wp-content\/uploads\/2025\/02\/stability-camping-a-villers-sur-mer-un-ecrin-de-nature-pour-vos-vacances.png","keywords":["Activit\u00e9s","Camping","Convivialit\u00e9","Nature","Plage","Villers-sur-Mer"],"articleSection":["\u00c0 la une"],"inLanguage":"fr-FR","potentialAction":[{"@type":"CommentAction","name":"Comment","target":["https:\/\/campingpanoramic.fr\/blog\/a-la-une\/camping-a-villers-sur-mer-un-ecrin-de-nature-pour-vos-vacances\/#respond"]}]},{"@type":"WebPage","@id":"https:\/\/campingpanoramic.fr\/blog\/a-la-une\/camping-a-villers-sur-mer-un-ecrin-de-nature-pour-vos-vacances\/","url":"https:\/\/campingpanoramic.fr\/blog\/a-la-une\/camping-a-villers-sur-mer-un-ecrin-de-nature-pour-vos-vacances\/","name":"Camping \u00e0 Villers-sur-Mer : Un \u00c9crin de Nature pour Vos Vacances","isPartOf":{"@id":"https:\/\/campingpanoramic.fr\/blog\/#website"},"primaryImageOfPage":{"@id":"https:\/\/campingpanoramic.fr\/blog\/a-la-une\/camping-a-villers-sur-mer-un-ecrin-de-nature-pour-vos-vacances\/#primaryimage"},"image":{"@id":"https:\/\/campingpanoramic.fr\/blog\/a-la-une\/camping-a-villers-sur-mer-un-ecrin-de-nature-pour-vos-vacances\/#primaryimage"},"thumbnailUrl":"https:\/\/campingpanoramic.fr\/blog\/wp-content\/uploads\/2025\/02\/stability-camping-a-villers-sur-mer-un-ecrin-de-nature-pour-vos-vacances.png","datePublished":"2025-02-12T11:14:00+00:00","description":"Introduction au camping \u00e0 Villers-sur-Mer Que vous soyez en qu\u00eate d'un s\u00e9jour en famille, d'une escapade romantique ou d'une aventure entre amis, le","inLanguage":"fr-FR","potentialAction":[{"@type":"ReadAction","target":["https:\/\/campingpanoramic.fr\/blog\/a-la-une\/camping-a-villers-sur-mer-un-ecrin-de-nature-pour-vos-vacances\/"]}]},{"@type":"ImageObject","inLanguage":"fr-FR","@id":"https:\/\/campingpanoramic.fr\/blog\/a-la-une\/camping-a-villers-sur-mer-un-ecrin-de-nature-pour-vos-vacances\/#primaryimage","url":"https:\/\/campingpanoramic.fr\/blog\/wp-content\/uploads\/2025\/02\/stability-camping-a-villers-sur-mer-un-ecrin-de-nature-pour-vos-vacances.png","contentUrl":"https:\/\/campingpanoramic.fr\/blog\/wp-content\/uploads\/2025\/02\/stability-camping-a-villers-sur-mer-un-ecrin-de-nature-pour-vos-vacances.png","width":1024,"height":576},{"@type":"WebSite","@id":"https:\/\/campingpanoramic.fr\/blog\/#website","url":"https:\/\/campingpanoramic.fr\/blog\/","name":"campingpanoramic.fr","description":"Votre escapade panoramique vous attend.","publisher":{"@id":"https:\/\/campingpanoramic.fr\/blog\/#organization"},"alternateName":"Votre escapade panoramique vous attend.","potentialAction":[{"@type":"SearchAction","target":{"@type":"EntryPoint","urlTemplate":"https:\/\/campingpanoramic.fr\/blog\/?s={search_term_string}"},"query-input":{"@type":"PropertyValueSpecification","valueRequired":true,"valueName":"search_term_string"}}],"inLanguage":"fr-FR"},{"@type":"Organization","@id":"https:\/\/campingpanoramic.fr\/blog\/#organization","name":"Foretsensations.fr","url":"https:\/\/campingpanoramic.fr\/blog\/","logo":{"@type":"ImageObject","inLanguage":"fr-FR","@id":"https:\/\/campingpanoramic.fr\/blog\/#\/schema\/logo\/image\/","url":"https:\/\/campingpanoramic.fr\/blog\/wp-content\/uploads\/2024\/12\/Campingpanoramic.png","contentUrl":"https:\/\/campingpanoramic.fr\/blog\/wp-content\/uploads\/2024\/12\/Campingpanoramic.png","width":500,"height":500,"caption":"Foretsensations.fr"},"image":{"@id":"https:\/\/campingpanoramic.fr\/blog\/#\/schema\/logo\/image\/"}},{"@type":"Person","@id":"https:\/\/campingpanoramic.fr\/blog\/#\/schema\/person\/380046b5c3cad5f5eb1cff20d2d69ab5","name":"Claire Moreau","image":{"@type":"ImageObject","inLanguage":"fr-FR","@id":"https:\/\/secure.gravatar.com\/avatar\/?s=96&d=mm&r=g","url":"https:\/\/secure.gravatar.com\/avatar\/?s=96&d=mm&r=g","contentUrl":"https:\/\/secure.gravatar.com\/avatar\/?s=96&d=mm&r=g","caption":"Claire Moreau"},"description":"Claire Moreau est passionn\u00e9e de camping depuis son enfance. Avec plus de 10 ans d'exp\u00e9rience dans les activit\u00e9s de plein air, elle partage ses conseils et ses d\u00e9couvertes pour aider les campeurs \u00e0 vivre des exp\u00e9riences inoubliables sur campingpanoramic.fr.","url":"https:\/\/campingpanoramic.fr\/blog\/auteur\/claire-moreau\/"}]}},"_links":{"self":[{"href":"https:\/\/campingpanoramic.fr\/blog\/wp-json\/wp\/v2\/posts\/7545","targetHints":{"allow":["GET"]}}],"collection":[{"href":"https:\/\/campingpanoramic.fr\/blog\/wp-json\/wp\/v2\/posts"}],"about":[{"href":"https:\/\/campingpanoramic.fr\/blog\/wp-json\/wp\/v2\/types\/post"}],"author":[{"embeddable":true,"href":"https:\/\/campingpanoramic.fr\/blog\/wp-json\/wp\/v2\/users\/39"}],"replies":[{"embeddable":true,"href":"https:\/\/campingpanoramic.fr\/blog\/wp-json\/wp\/v2\/comments?post=7545"}],"version-history":[{"count":2,"href":"https:\/\/campingpanoramic.fr\/blog\/wp-json\/wp\/v2\/posts\/7545\/revisions"}],"predecessor-version":[{"id":7590,"href":"https:\/\/campingpanoramic.fr\/blog\/wp-json\/wp\/v2\/posts\/7545\/revisions\/7590"}],"wp:featuredmedia":[{"embeddable":true,"href":"https:\/\/campingpanoramic.fr\/blog\/wp-json\/wp\/v2\/media\/7546"}],"wp:attachment":[{"href":"https:\/\/campingpanoramic.fr\/blog\/wp-json\/wp\/v2\/media?parent=7545"}],"wp:term":[{"taxonomy":"category","embeddable":true,"href":"https:\/\/campingpanoramic.fr\/blog\/wp-json\/wp\/v2\/categories?post=7545"},{"taxonomy":"post_tag","embeddable":true,"href":"https:\/\/campingpanoramic.fr\/blog\/wp-json\/wp\/v2\/tags?post=7545"}],"curies":[{"name":"wp","href":"https:\/\/api.w.org\/{rel}","templated":true}]}}